{"id":35121,"date":"2026-07-24T16:36:56","date_gmt":"2026-07-24T14:36:56","guid":{"rendered":"https:\/\/www.togetherforlife.org.al\/?p=35121"},"modified":"2026-08-12T02:54:50","modified_gmt":"2026-08-12T00:54:50","slug":"shkolla-me-te-sigurta-femije-me-te-mbrojtur-crn-fushe-kruje-advokon-per-mbrojtjen-nga-zjarri","status":"publish","type":"post","link":"https:\/\/www.togetherforlife.org.al\/en\/shkolla-me-te-sigurta-femije-me-te-mbrojtur-crn-fushe-kruje-advokon-per-mbrojtjen-nga-zjarri\/","title":{"rendered":"Shkolla m\u00eb t\u00eb sigurta, f\u00ebmij\u00eb m\u00eb t\u00eb mbrojtur: CRN Fush\u00eb-Kruj\u00eb advokon p\u00ebr mbrojtjen nga zjarri"},"content":{"rendered":"<p>Nj\u00eb munges\u00eb e thjesht\u00eb mund t\u00eb ket\u00eb pasoja t\u00eb m\u00ebdha n\u00eb nj\u00eb situat\u00eb emergjente. Pik\u00ebrisht k\u00ebt\u00eb konstatuan nj\u00eb grup qytetar\u00ebsh t\u00eb angazhuar vullnetarisht n\u00eb Fush\u00eb-Kruj\u00eb. Pjes\u00eb e e Rrjetit t\u00eb Q\u00ebndrueshm\u00ebris\u00eb Komunitare (CRN), ata identifikuan se shkolla \u201cAdem Gjeli\u201d, nj\u00eb prej shkollave m\u00eb t\u00eb m\u00ebdha n\u00eb vend, nuk ishte e pajisur mjaftuesh\u00ebm me fik\u00ebse zjarri, duke rrezikuar sigurin\u00eb e nx\u00ebn\u00ebsve, m\u00ebsuesve dhe stafit. P\u00ebrmes nj\u00eb procesi t\u00eb organizuar advokimi, ata bashkuan z\u00ebrin e komunitetit dhe iu drejtuan Bashkis\u00eb Kruj\u00eb p\u00ebr t\u00eb k\u00ebrkuar masa konkrete p\u00ebr p\u00ebrmir\u00ebsimin e siguris\u00eb n\u00eb shkolla.<\/p>\n<p>Pas pjes\u00ebmarrjes n\u00eb trajnimet mbi advokimin, an\u00ebtar\u00ebt e CRN-s\u00eb analizuan situat\u00ebn n\u00eb shkollat e zon\u00ebs s\u00eb Fush\u00eb-Kruj\u00ebs dhe evidentuan jo vet\u00ebm munges\u00ebn e pajisjeve p\u00ebr mbrojtjen nga zjarri, por edhe nevoj\u00ebn p\u00ebr rritjen e kapaciteteve t\u00eb stafit shkollor n\u00eb menaxhimin e emergjencave. Me mb\u00ebshtetjen e TFL, ata hartuan nj\u00eb k\u00ebrkes\u00eb zyrtare drejtuar Bashkis\u00eb Kruj\u00eb, ku p\u00ebrfshin\u00eb shkoll\u00ebn \u201cAdem Gjeli\u201d dhe institucione t\u00eb tjera arsimore q\u00eb kishin nevoj\u00eb p\u00ebr pajisje dhe trajnime. Gjat\u00eb gjith\u00eb procesit, an\u00ebtar\u00ebt e CRN-s\u00eb kontribuuan n\u00eb mbledhjen e informacionit, identifikimin e nevojave dhe ndjekjen e komunikimit me institucionet p\u00ebrgjegj\u00ebse.<\/p>\n<p>Advokimi solli rezultate konkrete. Shkolla \u201cAdem Gjeli\u201d u pajis me fik\u00ebse zjarri n\u00eb \u00e7do kat t\u00eb godin\u00ebs, nd\u00ebrsa an\u00ebtar\u00ebt e CRN-s\u00eb, nj\u00ebkoh\u00ebsisht m\u00ebsues n\u00eb shkoll\u00eb, organizuan simulime praktike me nx\u00ebn\u00ebsit p\u00ebr evakuimin n\u00eb rast zjarri dhe p\u00ebrdorimin e pajisjeve t\u00eb siguris\u00eb. Ata trajnuan gjithashtu koleg\u00ebt e tyre mbi menaxhimin e emergjencave, duke krijuar nj\u00eb kultur\u00eb m\u00eb t\u00eb fort\u00eb t\u00eb gatishm\u00ebris\u00eb n\u00eb shkoll\u00eb. Nd\u00ebrkoh\u00eb, nevoja p\u00ebr pajisjen dhe trajnimin e shkollave t\u00eb tjera mbetet pjes\u00eb e p\u00ebrpjekjeve t\u00eb vazhdueshme t\u00eb advokimit.<\/p>\n<p>Ky rast tregon se kur komuniteti organizohet dhe bashk\u00ebpunon me institucionet, edhe nj\u00eb problem i identifikuar n\u00eb nivel lokal mund t\u00eb shnd\u00ebrrohet n\u00eb nj\u00eb zgjidhje konkrete q\u00eb rrit sigurin\u00eb e f\u00ebmij\u00ebve dhe t\u00eb gjith\u00eb komunitetit.<\/p>\n<p>Ky aktivitet \u00ebsht\u00eb realizuar n\u00eb kuad\u00ebr t\u00eb projektit SOLIDAR-Bashk\u00eb n\u00eb emergjencat sh\u00ebndet\u00ebsore, nj\u00eb projekt i Agjensis\u00eb Zvicerane p\u00ebr Zhvillim dhe Bashk\u00ebpunim, q\u00eb implementohet nga GFA Consulting Group GmbH n\u00eb partneritet me Together for Life.<\/p>\n<p>&nbsp;<\/p>\n<p>&nbsp;<\/p>\n<p>&nbsp;<\/p>","protected":false},"excerpt":{"rendered":"<p>Nj\u00eb munges\u00eb e thjesht\u00eb mund t\u00eb ket\u00eb pasoja t\u00eb m\u00ebdha n\u00eb nj\u00eb situat\u00eb emergjente. Pik\u00ebrisht k\u00ebt\u00eb konstatuan nj\u00eb grup qytetar\u00ebsh t\u00eb angazhuar vullnetarisht n\u00eb Fush\u00eb-Kruj\u00eb. Pjes\u00eb e e Rrjetit t\u00eb [&hellip;]<\/p>\n","protected":false},"author":17,"featured_media":35122,"comment_status":"closed","ping_status":"closed","sticky":false,"template":"","format":"standard","meta":{"_et_pb_use_builder":"","_et_pb_old_content":"","_et_gb_content_width":"","footnotes":"","_links_to":"","_links_to_target":""},"categories":[165],"tags":[],"class_list":["post-35121","post","type-post","status-publish","format-standard","has-post-thumbnail","hentry","category-solidar"],"yoast_head":"<!-- This site is optimized with the Yoast SEO plugin v28.3 - https:\/\/yoast.com\/product\/yoast-seo-wordpress\/ -->\n<title>Shkolla m\u00eb t\u00eb sigurta, f\u00ebmij\u00eb m\u00eb t\u00eb mbrojtur: CRN Fush\u00eb-Kruj\u00eb advokon p\u00ebr mbrojtjen nga zjarri - TogetherForLife<\/title>\n<meta name=\"robots\" content=\"index, follow, max-snippet:-1, max-image-preview:large, max-video-preview:-1\" \/>\n<link rel=\"canonical\" href=\"http:\/\/www.togetherforlife.org.al\/en\/shkolla-me-te-sigurta-femije-me-te-mbrojtur-crn-fushe-kruje-advokon-per-mbrojtjen-nga-zjarri\/\" \/>\n<meta property=\"og:locale\" content=\"en_GB\" \/>\n<meta property=\"og:type\" content=\"article\" \/>\n<meta property=\"og:title\" content=\"Shkolla m\u00eb t\u00eb sigurta, f\u00ebmij\u00eb m\u00eb t\u00eb mbrojtur: CRN Fush\u00eb-Kruj\u00eb advokon p\u00ebr mbrojtjen nga zjarri - TogetherForLife\" \/>\n<meta property=\"og:description\" content=\"Nj\u00eb munges\u00eb e thjesht\u00eb mund t\u00eb ket\u00eb pasoja t\u00eb m\u00ebdha n\u00eb nj\u00eb situat\u00eb emergjente. Pik\u00ebrisht k\u00ebt\u00eb konstatuan nj\u00eb grup qytetar\u00ebsh t\u00eb angazhuar vullnetarisht n\u00eb Fush\u00eb-Kruj\u00eb. Pjes\u00eb e e Rrjetit t\u00eb [&hellip;]\" \/>\n<meta property=\"og:url\" content=\"http:\/\/www.togetherforlife.org.al\/en\/shkolla-me-te-sigurta-femije-me-te-mbrojtur-crn-fushe-kruje-advokon-per-mbrojtjen-nga-zjarri\/\" \/>\n<meta property=\"og:site_name\" content=\"TogetherForLife\" \/>\n<meta property=\"article:published_time\" content=\"2026-07-24T14:36:56+00:00\" \/>\n<meta property=\"article:modified_time\" content=\"2026-08-12T00:54:50+00:00\" \/>\n<meta property=\"og:image\" content=\"http:\/\/www.togetherforlife.org.al\/wp-content\/uploads\/2026\/07\/Solidar-Nisma-advokimi-1.png\" \/>\n\t<meta property=\"og:image:width\" content=\"2160\" \/>\n\t<meta property=\"og:image:height\" content=\"2700\" \/>\n\t<meta property=\"og:image:type\" content=\"image\/png\" \/>\n<meta name=\"author\" content=\"Blerta\" \/>\n<meta name=\"twitter:card\" content=\"summary_large_image\" \/>\n<meta name=\"twitter:label1\" content=\"Written by\" \/>\n\t<meta name=\"twitter:data1\" content=\"Blerta\" \/>\n\t<meta name=\"twitter:label2\" content=\"Estimated reading time\" \/>\n\t<meta name=\"twitter:data2\" content=\"2 minutes\" \/>\n<script type=\"application\/ld+json\" class=\"yoast-schema-graph\">{\"@context\":\"https:\\\/\\\/schema.org\",\"@graph\":[{\"@type\":\"Article\",\"@id\":\"http:\\\/\\\/www.togetherforlife.org.al\\\/shkolla-me-te-sigurta-femije-me-te-mbrojtur-crn-fushe-kruje-advokon-per-mbrojtjen-nga-zjarri\\\/#article\",\"isPartOf\":{\"@id\":\"http:\\\/\\\/www.togetherforlife.org.al\\\/shkolla-me-te-sigurta-femije-me-te-mbrojtur-crn-fushe-kruje-advokon-per-mbrojtjen-nga-zjarri\\\/\"},\"author\":{\"name\":\"Blerta\",\"@id\":\"https:\\\/\\\/www.togetherforlife.org.al\\\/#\\\/schema\\\/person\\\/8019403f9adfb09955c5a6d3b183a1e6\"},\"headline\":\"Shkolla m\u00eb t\u00eb sigurta, f\u00ebmij\u00eb m\u00eb t\u00eb mbrojtur: CRN Fush\u00eb-Kruj\u00eb advokon p\u00ebr mbrojtjen nga zjarri\",\"datePublished\":\"2026-07-24T14:36:56+00:00\",\"dateModified\":\"2026-08-12T00:54:50+00:00\",\"mainEntityOfPage\":{\"@id\":\"http:\\\/\\\/www.togetherforlife.org.al\\\/shkolla-me-te-sigurta-femije-me-te-mbrojtur-crn-fushe-kruje-advokon-per-mbrojtjen-nga-zjarri\\\/\"},\"wordCount\":419,\"image\":{\"@id\":\"http:\\\/\\\/www.togetherforlife.org.al\\\/shkolla-me-te-sigurta-femije-me-te-mbrojtur-crn-fushe-kruje-advokon-per-mbrojtjen-nga-zjarri\\\/#primaryimage\"},\"thumbnailUrl\":\"https:\\\/\\\/www.togetherforlife.org.al\\\/wp-content\\\/uploads\\\/2026\\\/07\\\/Solidar-Nisma-advokimi-1.png\",\"articleSection\":[\"Solidar\"],\"inLanguage\":\"en-GB\"},{\"@type\":\"WebPage\",\"@id\":\"http:\\\/\\\/www.togetherforlife.org.al\\\/shkolla-me-te-sigurta-femije-me-te-mbrojtur-crn-fushe-kruje-advokon-per-mbrojtjen-nga-zjarri\\\/\",\"url\":\"http:\\\/\\\/www.togetherforlife.org.al\\\/shkolla-me-te-sigurta-femije-me-te-mbrojtur-crn-fushe-kruje-advokon-per-mbrojtjen-nga-zjarri\\\/\",\"name\":\"Shkolla m\u00eb t\u00eb sigurta, f\u00ebmij\u00eb m\u00eb t\u00eb mbrojtur: CRN Fush\u00eb-Kruj\u00eb advokon p\u00ebr mbrojtjen nga zjarri - TogetherForLife\",\"isPartOf\":{\"@id\":\"https:\\\/\\\/www.togetherforlife.org.al\\\/#website\"},\"primaryImageOfPage\":{\"@id\":\"http:\\\/\\\/www.togetherforlife.org.al\\\/shkolla-me-te-sigurta-femije-me-te-mbrojtur-crn-fushe-kruje-advokon-per-mbrojtjen-nga-zjarri\\\/#primaryimage\"},\"image\":{\"@id\":\"http:\\\/\\\/www.togetherforlife.org.al\\\/shkolla-me-te-sigurta-femije-me-te-mbrojtur-crn-fushe-kruje-advokon-per-mbrojtjen-nga-zjarri\\\/#primaryimage\"},\"thumbnailUrl\":\"https:\\\/\\\/www.togetherforlife.org.al\\\/wp-content\\\/uploads\\\/2026\\\/07\\\/Solidar-Nisma-advokimi-1.png\",\"datePublished\":\"2026-07-24T14:36:56+00:00\",\"dateModified\":\"2026-08-12T00:54:50+00:00\",\"author\":{\"@id\":\"https:\\\/\\\/www.togetherforlife.org.al\\\/#\\\/schema\\\/person\\\/8019403f9adfb09955c5a6d3b183a1e6\"},\"breadcrumb\":{\"@id\":\"http:\\\/\\\/www.togetherforlife.org.al\\\/shkolla-me-te-sigurta-femije-me-te-mbrojtur-crn-fushe-kruje-advokon-per-mbrojtjen-nga-zjarri\\\/#breadcrumb\"},\"inLanguage\":\"en-GB\",\"potentialAction\":[{\"@type\":\"ReadAction\",\"target\":[\"http:\\\/\\\/www.togetherforlife.org.al\\\/shkolla-me-te-sigurta-femije-me-te-mbrojtur-crn-fushe-kruje-advokon-per-mbrojtjen-nga-zjarri\\\/\"]}]},{\"@type\":\"ImageObject\",\"inLanguage\":\"en-GB\",\"@id\":\"http:\\\/\\\/www.togetherforlife.org.al\\\/shkolla-me-te-sigurta-femije-me-te-mbrojtur-crn-fushe-kruje-advokon-per-mbrojtjen-nga-zjarri\\\/#primaryimage\",\"url\":\"https:\\\/\\\/www.togetherforlife.org.al\\\/wp-content\\\/uploads\\\/2026\\\/07\\\/Solidar-Nisma-advokimi-1.png\",\"contentUrl\":\"https:\\\/\\\/www.togetherforlife.org.al\\\/wp-content\\\/uploads\\\/2026\\\/07\\\/Solidar-Nisma-advokimi-1.png\",\"width\":2160,\"height\":2700},{\"@type\":\"BreadcrumbList\",\"@id\":\"http:\\\/\\\/www.togetherforlife.org.al\\\/shkolla-me-te-sigurta-femije-me-te-mbrojtur-crn-fushe-kruje-advokon-per-mbrojtjen-nga-zjarri\\\/#breadcrumb\",\"itemListElement\":[{\"@type\":\"ListItem\",\"position\":1,\"name\":\"Home\",\"item\":\"https:\\\/\\\/www.togetherforlife.org.al\\\/\"},{\"@type\":\"ListItem\",\"position\":2,\"name\":\"Shkolla m\u00eb t\u00eb sigurta, f\u00ebmij\u00eb m\u00eb t\u00eb mbrojtur: CRN Fush\u00eb-Kruj\u00eb advokon p\u00ebr mbrojtjen nga zjarri\"}]},{\"@type\":\"WebSite\",\"@id\":\"https:\\\/\\\/www.togetherforlife.org.al\\\/#website\",\"url\":\"https:\\\/\\\/www.togetherforlife.org.al\\\/\",\"name\":\"TogetherForLife\",\"description\":\"\",\"potentialAction\":[{\"@type\":\"SearchAction\",\"target\":{\"@type\":\"EntryPoint\",\"urlTemplate\":\"https:\\\/\\\/www.togetherforlife.org.al\\\/?s={search_term_string}\"},\"query-input\":{\"@type\":\"PropertyValueSpecification\",\"valueRequired\":true,\"valueName\":\"search_term_string\"}}],\"inLanguage\":\"en-GB\"},{\"@type\":\"Person\",\"@id\":\"https:\\\/\\\/www.togetherforlife.org.al\\\/#\\\/schema\\\/person\\\/8019403f9adfb09955c5a6d3b183a1e6\",\"name\":\"Blerta\",\"image\":{\"@type\":\"ImageObject\",\"inLanguage\":\"en-GB\",\"@id\":\"https:\\\/\\\/secure.gravatar.com\\\/avatar\\\/bfc9e02476aab025b97b32bb01343d759702fc87b01aab5853619c0bfea5a085?s=96&d=mm&r=g\",\"url\":\"https:\\\/\\\/secure.gravatar.com\\\/avatar\\\/bfc9e02476aab025b97b32bb01343d759702fc87b01aab5853619c0bfea5a085?s=96&d=mm&r=g\",\"contentUrl\":\"https:\\\/\\\/secure.gravatar.com\\\/avatar\\\/bfc9e02476aab025b97b32bb01343d759702fc87b01aab5853619c0bfea5a085?s=96&d=mm&r=g\",\"caption\":\"Blerta\"},\"url\":\"https:\\\/\\\/www.togetherforlife.org.al\\\/en\\\/author\\\/blerta\\\/\"}]}<\/script>\n<!-- \/ Yoast SEO plugin. -->","yoast_head_json":{"title":"Shkolla m\u00eb t\u00eb sigurta, f\u00ebmij\u00eb m\u00eb t\u00eb mbrojtur: CRN Fush\u00eb-Kruj\u00eb advokon p\u00ebr mbrojtjen nga zjarri - TogetherForLife","robots":{"index":"index","follow":"follow","max-snippet":"max-snippet:-1","max-image-preview":"max-image-preview:large","max-video-preview":"max-video-preview:-1"},"canonical":"http:\/\/www.togetherforlife.org.al\/en\/shkolla-me-te-sigurta-femije-me-te-mbrojtur-crn-fushe-kruje-advokon-per-mbrojtjen-nga-zjarri\/","og_locale":"en_GB","og_type":"article","og_title":"Shkolla m\u00eb t\u00eb sigurta, f\u00ebmij\u00eb m\u00eb t\u00eb mbrojtur: CRN Fush\u00eb-Kruj\u00eb advokon p\u00ebr mbrojtjen nga zjarri - TogetherForLife","og_description":"Nj\u00eb munges\u00eb e thjesht\u00eb mund t\u00eb ket\u00eb pasoja t\u00eb m\u00ebdha n\u00eb nj\u00eb situat\u00eb emergjente. Pik\u00ebrisht k\u00ebt\u00eb konstatuan nj\u00eb grup qytetar\u00ebsh t\u00eb angazhuar vullnetarisht n\u00eb Fush\u00eb-Kruj\u00eb. Pjes\u00eb e e Rrjetit t\u00eb [&hellip;]","og_url":"http:\/\/www.togetherforlife.org.al\/en\/shkolla-me-te-sigurta-femije-me-te-mbrojtur-crn-fushe-kruje-advokon-per-mbrojtjen-nga-zjarri\/","og_site_name":"TogetherForLife","article_published_time":"2026-07-24T14:36:56+00:00","article_modified_time":"2026-08-12T00:54:50+00:00","og_image":[{"width":2160,"height":2700,"url":"http:\/\/www.togetherforlife.org.al\/wp-content\/uploads\/2026\/07\/Solidar-Nisma-advokimi-1.png","type":"image\/png"}],"author":"Blerta","twitter_card":"summary_large_image","twitter_misc":{"Written by":"Blerta","Estimated reading time":"2 minutes"},"schema":{"@context":"https:\/\/schema.org","@graph":[{"@type":"Article","@id":"http:\/\/www.togetherforlife.org.al\/shkolla-me-te-sigurta-femije-me-te-mbrojtur-crn-fushe-kruje-advokon-per-mbrojtjen-nga-zjarri\/#article","isPartOf":{"@id":"http:\/\/www.togetherforlife.org.al\/shkolla-me-te-sigurta-femije-me-te-mbrojtur-crn-fushe-kruje-advokon-per-mbrojtjen-nga-zjarri\/"},"author":{"name":"Blerta","@id":"https:\/\/www.togetherforlife.org.al\/#\/schema\/person\/8019403f9adfb09955c5a6d3b183a1e6"},"headline":"Shkolla m\u00eb t\u00eb sigurta, f\u00ebmij\u00eb m\u00eb t\u00eb mbrojtur: CRN Fush\u00eb-Kruj\u00eb advokon p\u00ebr mbrojtjen nga zjarri","datePublished":"2026-07-24T14:36:56+00:00","dateModified":"2026-08-12T00:54:50+00:00","mainEntityOfPage":{"@id":"http:\/\/www.togetherforlife.org.al\/shkolla-me-te-sigurta-femije-me-te-mbrojtur-crn-fushe-kruje-advokon-per-mbrojtjen-nga-zjarri\/"},"wordCount":419,"image":{"@id":"http:\/\/www.togetherforlife.org.al\/shkolla-me-te-sigurta-femije-me-te-mbrojtur-crn-fushe-kruje-advokon-per-mbrojtjen-nga-zjarri\/#primaryimage"},"thumbnailUrl":"https:\/\/www.togetherforlife.org.al\/wp-content\/uploads\/2026\/07\/Solidar-Nisma-advokimi-1.png","articleSection":["Solidar"],"inLanguage":"en-GB"},{"@type":"WebPage","@id":"http:\/\/www.togetherforlife.org.al\/shkolla-me-te-sigurta-femije-me-te-mbrojtur-crn-fushe-kruje-advokon-per-mbrojtjen-nga-zjarri\/","url":"http:\/\/www.togetherforlife.org.al\/shkolla-me-te-sigurta-femije-me-te-mbrojtur-crn-fushe-kruje-advokon-per-mbrojtjen-nga-zjarri\/","name":"Shkolla m\u00eb t\u00eb sigurta, f\u00ebmij\u00eb m\u00eb t\u00eb mbrojtur: CRN Fush\u00eb-Kruj\u00eb advokon p\u00ebr mbrojtjen nga zjarri - TogetherForLife","isPartOf":{"@id":"https:\/\/www.togetherforlife.org.al\/#website"},"primaryImageOfPage":{"@id":"http:\/\/www.togetherforlife.org.al\/shkolla-me-te-sigurta-femije-me-te-mbrojtur-crn-fushe-kruje-advokon-per-mbrojtjen-nga-zjarri\/#primaryimage"},"image":{"@id":"http:\/\/www.togetherforlife.org.al\/shkolla-me-te-sigurta-femije-me-te-mbrojtur-crn-fushe-kruje-advokon-per-mbrojtjen-nga-zjarri\/#primaryimage"},"thumbnailUrl":"https:\/\/www.togetherforlife.org.al\/wp-content\/uploads\/2026\/07\/Solidar-Nisma-advokimi-1.png","datePublished":"2026-07-24T14:36:56+00:00","dateModified":"2026-08-12T00:54:50+00:00","author":{"@id":"https:\/\/www.togetherforlife.org.al\/#\/schema\/person\/8019403f9adfb09955c5a6d3b183a1e6"},"breadcrumb":{"@id":"http:\/\/www.togetherforlife.org.al\/shkolla-me-te-sigurta-femije-me-te-mbrojtur-crn-fushe-kruje-advokon-per-mbrojtjen-nga-zjarri\/#breadcrumb"},"inLanguage":"en-GB","potentialAction":[{"@type":"ReadAction","target":["http:\/\/www.togetherforlife.org.al\/shkolla-me-te-sigurta-femije-me-te-mbrojtur-crn-fushe-kruje-advokon-per-mbrojtjen-nga-zjarri\/"]}]},{"@type":"ImageObject","inLanguage":"en-GB","@id":"http:\/\/www.togetherforlife.org.al\/shkolla-me-te-sigurta-femije-me-te-mbrojtur-crn-fushe-kruje-advokon-per-mbrojtjen-nga-zjarri\/#primaryimage","url":"https:\/\/www.togetherforlife.org.al\/wp-content\/uploads\/2026\/07\/Solidar-Nisma-advokimi-1.png","contentUrl":"https:\/\/www.togetherforlife.org.al\/wp-content\/uploads\/2026\/07\/Solidar-Nisma-advokimi-1.png","width":2160,"height":2700},{"@type":"BreadcrumbList","@id":"http:\/\/www.togetherforlife.org.al\/shkolla-me-te-sigurta-femije-me-te-mbrojtur-crn-fushe-kruje-advokon-per-mbrojtjen-nga-zjarri\/#breadcrumb","itemListElement":[{"@type":"ListItem","position":1,"name":"Home","item":"https:\/\/www.togetherforlife.org.al\/"},{"@type":"ListItem","position":2,"name":"Shkolla m\u00eb t\u00eb sigurta, f\u00ebmij\u00eb m\u00eb t\u00eb mbrojtur: CRN Fush\u00eb-Kruj\u00eb advokon p\u00ebr mbrojtjen nga zjarri"}]},{"@type":"WebSite","@id":"https:\/\/www.togetherforlife.org.al\/#website","url":"https:\/\/www.togetherforlife.org.al\/","name":"TogetherForLife","description":"","potentialAction":[{"@type":"SearchAction","target":{"@type":"EntryPoint","urlTemplate":"https:\/\/www.togetherforlife.org.al\/?s={search_term_string}"},"query-input":{"@type":"PropertyValueSpecification","valueRequired":true,"valueName":"search_term_string"}}],"inLanguage":"en-GB"},{"@type":"Person","@id":"https:\/\/www.togetherforlife.org.al\/#\/schema\/person\/8019403f9adfb09955c5a6d3b183a1e6","name":"Blerta","image":{"@type":"ImageObject","inLanguage":"en-GB","@id":"https:\/\/secure.gravatar.com\/avatar\/bfc9e02476aab025b97b32bb01343d759702fc87b01aab5853619c0bfea5a085?s=96&d=mm&r=g","url":"https:\/\/secure.gravatar.com\/avatar\/bfc9e02476aab025b97b32bb01343d759702fc87b01aab5853619c0bfea5a085?s=96&d=mm&r=g","contentUrl":"https:\/\/secure.gravatar.com\/avatar\/bfc9e02476aab025b97b32bb01343d759702fc87b01aab5853619c0bfea5a085?s=96&d=mm&r=g","caption":"Blerta"},"url":"https:\/\/www.togetherforlife.org.al\/en\/author\/blerta\/"}]}},"_links":{"self":[{"href":"https:\/\/www.togetherforlife.org.al\/en\/wp-json\/wp\/v2\/posts\/35121","targetHints":{"allow":["GET"]}}],"collection":[{"href":"https:\/\/www.togetherforlife.org.al\/en\/wp-json\/wp\/v2\/posts"}],"about":[{"href":"https:\/\/www.togetherforlife.org.al\/en\/wp-json\/wp\/v2\/types\/post"}],"author":[{"embeddable":true,"href":"https:\/\/www.togetherforlife.org.al\/en\/wp-json\/wp\/v2\/users\/17"}],"replies":[{"embeddable":true,"href":"https:\/\/www.togetherforlife.org.al\/en\/wp-json\/wp\/v2\/comments?post=35121"}],"version-history":[{"count":2,"href":"https:\/\/www.togetherforlife.org.al\/en\/wp-json\/wp\/v2\/posts\/35121\/revisions"}],"predecessor-version":[{"id":35204,"href":"https:\/\/www.togetherforlife.org.al\/en\/wp-json\/wp\/v2\/posts\/35121\/revisions\/35204"}],"wp:featuredmedia":[{"embeddable":true,"href":"https:\/\/www.togetherforlife.org.al\/en\/wp-json\/wp\/v2\/media\/35122"}],"wp:attachment":[{"href":"https:\/\/www.togetherforlife.org.al\/en\/wp-json\/wp\/v2\/media?parent=35121"}],"wp:term":[{"taxonomy":"category","embeddable":true,"href":"https:\/\/www.togetherforlife.org.al\/en\/wp-json\/wp\/v2\/categories?post=35121"},{"taxonomy":"post_tag","embeddable":true,"href":"https:\/\/www.togetherforlife.org.al\/en\/wp-json\/wp\/v2\/tags?post=35121"}],"curies":[{"name":"wp","href":"https:\/\/api.w.org\/{rel}","templated":true}]}}