{"id":34019,"date":"2025-01-16T11:46:21","date_gmt":"2025-01-16T10:46:21","guid":{"rendered":"https:\/\/www.togetherforlife.org.al\/?p=34019"},"modified":"2025-01-16T11:46:21","modified_gmt":"2025-01-16T10:46:21","slug":"qytetaret-te-paret-bashke-per-nje-qeverisje-vendore-transparente","status":"publish","type":"post","link":"https:\/\/www.togetherforlife.org.al\/en\/qytetaret-te-paret-bashke-per-nje-qeverisje-vendore-transparente\/","title":{"rendered":"First Citizens: Together for Transparent Local Governance"},"content":{"rendered":"<p><strong>Title of Project:<\/strong> First Citizens: Together for Transparent Local Governance<\/p>\n<p><strong>Funding programme:<\/strong>\u00a0Donor: Institute for Democracy and Mediation, funded by the European Commission<\/p>\n<p><strong>Project Implementation Area:<\/strong> Kuk\u00ebs Municipality<\/p>\n<p><strong>Duration:<\/strong> April 30 \u2013 February 28, 2025<\/p>\n<p><strong>Aim:<\/strong><\/p>\n<p>To contribute to increasing the budgetary transparency of Kuk\u00ebs Municipality by strengthening the monitoring role of non-public local actors in the municipality\u2019s budgetary processes.<\/p>\n<p><strong>ACHIEVED RESULTS:<\/strong><\/p>\n<ul>\n<li>Improved budgetary transparency of Kuk\u00ebs Municipality in accordance with the obligations set forth in the existing legal framework.<\/li>\n<li>Strengthened cooperation between public and non-public local actors who can be involved in monitoring the transparency program at the local level.<\/li>\n<li>20 local public and non-public actors participated in the project\u2019s introductory meeting.<\/li>\n<li>Preparation and publication of a monitoring report on the implementation of the Kuk\u00ebs Municipality\u2019s annual budget.<\/li>\n<li>25 key local public and non-public actors participated in the roundtable to present the findings of the monitoring report.<\/li>\n<li>Increased community awareness on the key findings and recommendations of the monitoring report through the distribution of a press release to local and national media.<\/li>\n<li>Increased awareness and capacity of non-public local actors regarding the role they should play in the planning and monitoring process of their municipality's budget.<\/li>\n<li>Increased awareness and capacity of non-public local actors regarding the role they should play in the planning and monitoring process of their municipality's budget.<\/li>\n<\/ul>\n<p>&nbsp;<\/p>","protected":false},"excerpt":{"rendered":"<p>Titulli i projektit: Qytetar\u00ebt t\u00eb par\u00ebt: Bashk\u00eb p\u00ebr nj\u00eb qeverisje vendore transparente Donatori:\u00a0Donator: Instituti p\u00ebr Demokraci dhe Nd\u00ebrmjet\u00ebsim, me fonde nga Komisioni Europian Zona e zbatimit t\u00eb projektit: Bashkia Kuk\u00ebs [&hellip;]<\/p>\n","protected":false},"author":17,"featured_media":34020,"comment_status":"closed","ping_status":"closed","sticky":false,"template":"","format":"standard","meta":{"_et_pb_use_builder":"","_et_pb_old_content":"","_et_gb_content_width":"","footnotes":"","_links_to":"","_links_to_target":""},"categories":[57,46],"tags":[],"class_list":["post-34019","post","type-post","status-publish","format-standard","has-post-thumbnail","hentry","category-kombetare","category-projekte-te-drejtat-e-njeriut-dhe-transparenca"],"yoast_head":"<!-- This site is optimized with the Yoast SEO plugin v28.3 - https:\/\/yoast.com\/product\/yoast-seo-wordpress\/ -->\n<title>Qytetar\u00ebt t\u00eb par\u00ebt: Bashk\u00eb p\u00ebr nj\u00eb qeverisje vendore transparente - TogetherForLife<\/title>\n<meta name=\"robots\" content=\"index, follow, max-snippet:-1, max-image-preview:large, max-video-preview:-1\" \/>\n<link rel=\"canonical\" href=\"http:\/\/www.togetherforlife.org.al\/en\/qytetaret-te-paret-bashke-per-nje-qeverisje-vendore-transparente\/\" \/>\n<meta property=\"og:locale\" content=\"en_GB\" \/>\n<meta property=\"og:type\" content=\"article\" \/>\n<meta property=\"og:title\" content=\"Qytetar\u00ebt t\u00eb par\u00ebt: Bashk\u00eb p\u00ebr nj\u00eb qeverisje vendore transparente - TogetherForLife\" \/>\n<meta property=\"og:description\" content=\"Titulli i projektit: Qytetar\u00ebt t\u00eb par\u00ebt: Bashk\u00eb p\u00ebr nj\u00eb qeverisje vendore transparente Donatori:\u00a0Donator: Instituti p\u00ebr Demokraci dhe Nd\u00ebrmjet\u00ebsim, me fonde nga Komisioni Europian Zona e zbatimit t\u00eb projektit: Bashkia Kuk\u00ebs [&hellip;]\" \/>\n<meta property=\"og:url\" content=\"http:\/\/www.togetherforlife.org.al\/en\/qytetaret-te-paret-bashke-per-nje-qeverisje-vendore-transparente\/\" \/>\n<meta property=\"og:site_name\" content=\"TogetherForLife\" \/>\n<meta property=\"article:published_time\" content=\"2025-01-16T10:46:21+00:00\" \/>\n<meta property=\"og:image\" content=\"http:\/\/www.togetherforlife.org.al\/wp-content\/uploads\/2025\/01\/Qytetaret-te-paret-Bashke-per-nje-qeverisje-vendore-transparente.jpg\" \/>\n\t<meta property=\"og:image:width\" content=\"1050\" \/>\n\t<meta property=\"og:image:height\" content=\"700\" \/>\n\t<meta property=\"og:image:type\" content=\"image\/jpeg\" \/>\n<meta name=\"author\" content=\"Blerta\" \/>\n<meta name=\"twitter:card\" content=\"summary_large_image\" \/>\n<meta name=\"twitter:label1\" content=\"Written by\" \/>\n\t<meta name=\"twitter:data1\" content=\"Blerta\" \/>\n\t<meta name=\"twitter:label2\" content=\"Estimated reading time\" \/>\n\t<meta name=\"twitter:data2\" content=\"2 minutes\" \/>\n<script type=\"application\/ld+json\" class=\"yoast-schema-graph\">{\"@context\":\"https:\\\/\\\/schema.org\",\"@graph\":[{\"@type\":\"Article\",\"@id\":\"http:\\\/\\\/www.togetherforlife.org.al\\\/en\\\/qytetaret-te-paret-bashke-per-nje-qeverisje-vendore-transparente\\\/#article\",\"isPartOf\":{\"@id\":\"http:\\\/\\\/www.togetherforlife.org.al\\\/en\\\/qytetaret-te-paret-bashke-per-nje-qeverisje-vendore-transparente\\\/\"},\"author\":{\"name\":\"Blerta\",\"@id\":\"https:\\\/\\\/www.togetherforlife.org.al\\\/#\\\/schema\\\/person\\\/8019403f9adfb09955c5a6d3b183a1e6\"},\"headline\":\"Qytetar\u00ebt t\u00eb par\u00ebt: Bashk\u00eb p\u00ebr nj\u00eb qeverisje vendore transparente\",\"datePublished\":\"2025-01-16T10:46:21+00:00\",\"mainEntityOfPage\":{\"@id\":\"http:\\\/\\\/www.togetherforlife.org.al\\\/en\\\/qytetaret-te-paret-bashke-per-nje-qeverisje-vendore-transparente\\\/\"},\"wordCount\":289,\"image\":{\"@id\":\"http:\\\/\\\/www.togetherforlife.org.al\\\/en\\\/qytetaret-te-paret-bashke-per-nje-qeverisje-vendore-transparente\\\/#primaryimage\"},\"thumbnailUrl\":\"https:\\\/\\\/www.togetherforlife.org.al\\\/wp-content\\\/uploads\\\/2025\\\/01\\\/Qytetaret-te-paret-Bashke-per-nje-qeverisje-vendore-transparente.jpg\",\"articleSection\":[\"Komb\u00ebtare\",\"Projekte-Te drejtat e njeriut dhe transparenca\"],\"inLanguage\":\"en-GB\"},{\"@type\":\"WebPage\",\"@id\":\"http:\\\/\\\/www.togetherforlife.org.al\\\/en\\\/qytetaret-te-paret-bashke-per-nje-qeverisje-vendore-transparente\\\/\",\"url\":\"http:\\\/\\\/www.togetherforlife.org.al\\\/en\\\/qytetaret-te-paret-bashke-per-nje-qeverisje-vendore-transparente\\\/\",\"name\":\"Qytetar\u00ebt t\u00eb par\u00ebt: Bashk\u00eb p\u00ebr nj\u00eb qeverisje vendore transparente - TogetherForLife\",\"isPartOf\":{\"@id\":\"https:\\\/\\\/www.togetherforlife.org.al\\\/#website\"},\"primaryImageOfPage\":{\"@id\":\"http:\\\/\\\/www.togetherforlife.org.al\\\/en\\\/qytetaret-te-paret-bashke-per-nje-qeverisje-vendore-transparente\\\/#primaryimage\"},\"image\":{\"@id\":\"http:\\\/\\\/www.togetherforlife.org.al\\\/en\\\/qytetaret-te-paret-bashke-per-nje-qeverisje-vendore-transparente\\\/#primaryimage\"},\"thumbnailUrl\":\"https:\\\/\\\/www.togetherforlife.org.al\\\/wp-content\\\/uploads\\\/2025\\\/01\\\/Qytetaret-te-paret-Bashke-per-nje-qeverisje-vendore-transparente.jpg\",\"datePublished\":\"2025-01-16T10:46:21+00:00\",\"author\":{\"@id\":\"https:\\\/\\\/www.togetherforlife.org.al\\\/#\\\/schema\\\/person\\\/8019403f9adfb09955c5a6d3b183a1e6\"},\"breadcrumb\":{\"@id\":\"http:\\\/\\\/www.togetherforlife.org.al\\\/en\\\/qytetaret-te-paret-bashke-per-nje-qeverisje-vendore-transparente\\\/#breadcrumb\"},\"inLanguage\":\"en-GB\",\"potentialAction\":[{\"@type\":\"ReadAction\",\"target\":[\"http:\\\/\\\/www.togetherforlife.org.al\\\/en\\\/qytetaret-te-paret-bashke-per-nje-qeverisje-vendore-transparente\\\/\"]}]},{\"@type\":\"ImageObject\",\"inLanguage\":\"en-GB\",\"@id\":\"http:\\\/\\\/www.togetherforlife.org.al\\\/en\\\/qytetaret-te-paret-bashke-per-nje-qeverisje-vendore-transparente\\\/#primaryimage\",\"url\":\"https:\\\/\\\/www.togetherforlife.org.al\\\/wp-content\\\/uploads\\\/2025\\\/01\\\/Qytetaret-te-paret-Bashke-per-nje-qeverisje-vendore-transparente.jpg\",\"contentUrl\":\"https:\\\/\\\/www.togetherforlife.org.al\\\/wp-content\\\/uploads\\\/2025\\\/01\\\/Qytetaret-te-paret-Bashke-per-nje-qeverisje-vendore-transparente.jpg\",\"width\":1050,\"height\":700},{\"@type\":\"BreadcrumbList\",\"@id\":\"http:\\\/\\\/www.togetherforlife.org.al\\\/en\\\/qytetaret-te-paret-bashke-per-nje-qeverisje-vendore-transparente\\\/#breadcrumb\",\"itemListElement\":[{\"@type\":\"ListItem\",\"position\":1,\"name\":\"Home\",\"item\":\"https:\\\/\\\/www.togetherforlife.org.al\\\/\"},{\"@type\":\"ListItem\",\"position\":2,\"name\":\"Qytetar\u00ebt t\u00eb par\u00ebt: Bashk\u00eb p\u00ebr nj\u00eb qeverisje vendore transparente\"}]},{\"@type\":\"WebSite\",\"@id\":\"https:\\\/\\\/www.togetherforlife.org.al\\\/#website\",\"url\":\"https:\\\/\\\/www.togetherforlife.org.al\\\/\",\"name\":\"TogetherForLife\",\"description\":\"\",\"potentialAction\":[{\"@type\":\"SearchAction\",\"target\":{\"@type\":\"EntryPoint\",\"urlTemplate\":\"https:\\\/\\\/www.togetherforlife.org.al\\\/?s={search_term_string}\"},\"query-input\":{\"@type\":\"PropertyValueSpecification\",\"valueRequired\":true,\"valueName\":\"search_term_string\"}}],\"inLanguage\":\"en-GB\"},{\"@type\":\"Person\",\"@id\":\"https:\\\/\\\/www.togetherforlife.org.al\\\/#\\\/schema\\\/person\\\/8019403f9adfb09955c5a6d3b183a1e6\",\"name\":\"Blerta\",\"image\":{\"@type\":\"ImageObject\",\"inLanguage\":\"en-GB\",\"@id\":\"https:\\\/\\\/secure.gravatar.com\\\/avatar\\\/bfc9e02476aab025b97b32bb01343d759702fc87b01aab5853619c0bfea5a085?s=96&d=mm&r=g\",\"url\":\"https:\\\/\\\/secure.gravatar.com\\\/avatar\\\/bfc9e02476aab025b97b32bb01343d759702fc87b01aab5853619c0bfea5a085?s=96&d=mm&r=g\",\"contentUrl\":\"https:\\\/\\\/secure.gravatar.com\\\/avatar\\\/bfc9e02476aab025b97b32bb01343d759702fc87b01aab5853619c0bfea5a085?s=96&d=mm&r=g\",\"caption\":\"Blerta\"},\"url\":\"https:\\\/\\\/www.togetherforlife.org.al\\\/en\\\/author\\\/blerta\\\/\"}]}<\/script>\n<!-- \/ Yoast SEO plugin. -->","yoast_head_json":{"title":"Qytetar\u00ebt t\u00eb par\u00ebt: Bashk\u00eb p\u00ebr nj\u00eb qeverisje vendore transparente - TogetherForLife","robots":{"index":"index","follow":"follow","max-snippet":"max-snippet:-1","max-image-preview":"max-image-preview:large","max-video-preview":"max-video-preview:-1"},"canonical":"http:\/\/www.togetherforlife.org.al\/en\/qytetaret-te-paret-bashke-per-nje-qeverisje-vendore-transparente\/","og_locale":"en_GB","og_type":"article","og_title":"Qytetar\u00ebt t\u00eb par\u00ebt: Bashk\u00eb p\u00ebr nj\u00eb qeverisje vendore transparente - TogetherForLife","og_description":"Titulli i projektit: Qytetar\u00ebt t\u00eb par\u00ebt: Bashk\u00eb p\u00ebr nj\u00eb qeverisje vendore transparente Donatori:\u00a0Donator: Instituti p\u00ebr Demokraci dhe Nd\u00ebrmjet\u00ebsim, me fonde nga Komisioni Europian Zona e zbatimit t\u00eb projektit: Bashkia Kuk\u00ebs [&hellip;]","og_url":"http:\/\/www.togetherforlife.org.al\/en\/qytetaret-te-paret-bashke-per-nje-qeverisje-vendore-transparente\/","og_site_name":"TogetherForLife","article_published_time":"2025-01-16T10:46:21+00:00","og_image":[{"width":1050,"height":700,"url":"http:\/\/www.togetherforlife.org.al\/wp-content\/uploads\/2025\/01\/Qytetaret-te-paret-Bashke-per-nje-qeverisje-vendore-transparente.jpg","type":"image\/jpeg"}],"author":"Blerta","twitter_card":"summary_large_image","twitter_misc":{"Written by":"Blerta","Estimated reading time":"2 minutes"},"schema":{"@context":"https:\/\/schema.org","@graph":[{"@type":"Article","@id":"http:\/\/www.togetherforlife.org.al\/en\/qytetaret-te-paret-bashke-per-nje-qeverisje-vendore-transparente\/#article","isPartOf":{"@id":"http:\/\/www.togetherforlife.org.al\/en\/qytetaret-te-paret-bashke-per-nje-qeverisje-vendore-transparente\/"},"author":{"name":"Blerta","@id":"https:\/\/www.togetherforlife.org.al\/#\/schema\/person\/8019403f9adfb09955c5a6d3b183a1e6"},"headline":"Qytetar\u00ebt t\u00eb par\u00ebt: Bashk\u00eb p\u00ebr nj\u00eb qeverisje vendore transparente","datePublished":"2025-01-16T10:46:21+00:00","mainEntityOfPage":{"@id":"http:\/\/www.togetherforlife.org.al\/en\/qytetaret-te-paret-bashke-per-nje-qeverisje-vendore-transparente\/"},"wordCount":289,"image":{"@id":"http:\/\/www.togetherforlife.org.al\/en\/qytetaret-te-paret-bashke-per-nje-qeverisje-vendore-transparente\/#primaryimage"},"thumbnailUrl":"https:\/\/www.togetherforlife.org.al\/wp-content\/uploads\/2025\/01\/Qytetaret-te-paret-Bashke-per-nje-qeverisje-vendore-transparente.jpg","articleSection":["Komb\u00ebtare","Projekte-Te drejtat e njeriut dhe transparenca"],"inLanguage":"en-GB"},{"@type":"WebPage","@id":"http:\/\/www.togetherforlife.org.al\/en\/qytetaret-te-paret-bashke-per-nje-qeverisje-vendore-transparente\/","url":"http:\/\/www.togetherforlife.org.al\/en\/qytetaret-te-paret-bashke-per-nje-qeverisje-vendore-transparente\/","name":"Qytetar\u00ebt t\u00eb par\u00ebt: Bashk\u00eb p\u00ebr nj\u00eb qeverisje vendore transparente - TogetherForLife","isPartOf":{"@id":"https:\/\/www.togetherforlife.org.al\/#website"},"primaryImageOfPage":{"@id":"http:\/\/www.togetherforlife.org.al\/en\/qytetaret-te-paret-bashke-per-nje-qeverisje-vendore-transparente\/#primaryimage"},"image":{"@id":"http:\/\/www.togetherforlife.org.al\/en\/qytetaret-te-paret-bashke-per-nje-qeverisje-vendore-transparente\/#primaryimage"},"thumbnailUrl":"https:\/\/www.togetherforlife.org.al\/wp-content\/uploads\/2025\/01\/Qytetaret-te-paret-Bashke-per-nje-qeverisje-vendore-transparente.jpg","datePublished":"2025-01-16T10:46:21+00:00","author":{"@id":"https:\/\/www.togetherforlife.org.al\/#\/schema\/person\/8019403f9adfb09955c5a6d3b183a1e6"},"breadcrumb":{"@id":"http:\/\/www.togetherforlife.org.al\/en\/qytetaret-te-paret-bashke-per-nje-qeverisje-vendore-transparente\/#breadcrumb"},"inLanguage":"en-GB","potentialAction":[{"@type":"ReadAction","target":["http:\/\/www.togetherforlife.org.al\/en\/qytetaret-te-paret-bashke-per-nje-qeverisje-vendore-transparente\/"]}]},{"@type":"ImageObject","inLanguage":"en-GB","@id":"http:\/\/www.togetherforlife.org.al\/en\/qytetaret-te-paret-bashke-per-nje-qeverisje-vendore-transparente\/#primaryimage","url":"https:\/\/www.togetherforlife.org.al\/wp-content\/uploads\/2025\/01\/Qytetaret-te-paret-Bashke-per-nje-qeverisje-vendore-transparente.jpg","contentUrl":"https:\/\/www.togetherforlife.org.al\/wp-content\/uploads\/2025\/01\/Qytetaret-te-paret-Bashke-per-nje-qeverisje-vendore-transparente.jpg","width":1050,"height":700},{"@type":"BreadcrumbList","@id":"http:\/\/www.togetherforlife.org.al\/en\/qytetaret-te-paret-bashke-per-nje-qeverisje-vendore-transparente\/#breadcrumb","itemListElement":[{"@type":"ListItem","position":1,"name":"Home","item":"https:\/\/www.togetherforlife.org.al\/"},{"@type":"ListItem","position":2,"name":"Qytetar\u00ebt t\u00eb par\u00ebt: Bashk\u00eb p\u00ebr nj\u00eb qeverisje vendore transparente"}]},{"@type":"WebSite","@id":"https:\/\/www.togetherforlife.org.al\/#website","url":"https:\/\/www.togetherforlife.org.al\/","name":"TogetherForLife","description":"","potentialAction":[{"@type":"SearchAction","target":{"@type":"EntryPoint","urlTemplate":"https:\/\/www.togetherforlife.org.al\/?s={search_term_string}"},"query-input":{"@type":"PropertyValueSpecification","valueRequired":true,"valueName":"search_term_string"}}],"inLanguage":"en-GB"},{"@type":"Person","@id":"https:\/\/www.togetherforlife.org.al\/#\/schema\/person\/8019403f9adfb09955c5a6d3b183a1e6","name":"Blerta","image":{"@type":"ImageObject","inLanguage":"en-GB","@id":"https:\/\/secure.gravatar.com\/avatar\/bfc9e02476aab025b97b32bb01343d759702fc87b01aab5853619c0bfea5a085?s=96&d=mm&r=g","url":"https:\/\/secure.gravatar.com\/avatar\/bfc9e02476aab025b97b32bb01343d759702fc87b01aab5853619c0bfea5a085?s=96&d=mm&r=g","contentUrl":"https:\/\/secure.gravatar.com\/avatar\/bfc9e02476aab025b97b32bb01343d759702fc87b01aab5853619c0bfea5a085?s=96&d=mm&r=g","caption":"Blerta"},"url":"https:\/\/www.togetherforlife.org.al\/en\/author\/blerta\/"}]}},"_links":{"self":[{"href":"https:\/\/www.togetherforlife.org.al\/en\/wp-json\/wp\/v2\/posts\/34019","targetHints":{"allow":["GET"]}}],"collection":[{"href":"https:\/\/www.togetherforlife.org.al\/en\/wp-json\/wp\/v2\/posts"}],"about":[{"href":"https:\/\/www.togetherforlife.org.al\/en\/wp-json\/wp\/v2\/types\/post"}],"author":[{"embeddable":true,"href":"https:\/\/www.togetherforlife.org.al\/en\/wp-json\/wp\/v2\/users\/17"}],"replies":[{"embeddable":true,"href":"https:\/\/www.togetherforlife.org.al\/en\/wp-json\/wp\/v2\/comments?post=34019"}],"version-history":[{"count":1,"href":"https:\/\/www.togetherforlife.org.al\/en\/wp-json\/wp\/v2\/posts\/34019\/revisions"}],"predecessor-version":[{"id":34021,"href":"https:\/\/www.togetherforlife.org.al\/en\/wp-json\/wp\/v2\/posts\/34019\/revisions\/34021"}],"wp:featuredmedia":[{"embeddable":true,"href":"https:\/\/www.togetherforlife.org.al\/en\/wp-json\/wp\/v2\/media\/34020"}],"wp:attachment":[{"href":"https:\/\/www.togetherforlife.org.al\/en\/wp-json\/wp\/v2\/media?parent=34019"}],"wp:term":[{"taxonomy":"category","embeddable":true,"href":"https:\/\/www.togetherforlife.org.al\/en\/wp-json\/wp\/v2\/categories?post=34019"},{"taxonomy":"post_tag","embeddable":true,"href":"https:\/\/www.togetherforlife.org.al\/en\/wp-json\/wp\/v2\/tags?post=34019"}],"curies":[{"name":"wp","href":"https:\/\/api.w.org\/{rel}","templated":true}]}}