{"id":33979,"date":"2025-01-15T09:35:56","date_gmt":"2025-01-15T08:35:56","guid":{"rendered":"https:\/\/www.togetherforlife.org.al\/?p=33979"},"modified":"2025-04-13T18:36:26","modified_gmt":"2025-04-13T16:36:26","slug":"fuqizimi-i-crn-ve-per-perballimin-e-emergjencave-shendetesore-ne-komunitetet-lokale","status":"publish","type":"post","link":"https:\/\/www.togetherforlife.org.al\/en\/fuqizimi-i-crn-ve-per-perballimin-e-emergjencave-shendetesore-ne-komunitetet-lokale\/","title":{"rendered":"Empowering CSOs to address health emergencies in local communities"},"content":{"rendered":"<p>[et_pb_section admin_label=&#8221;section&#8221;]<br \/>\n\t\t\t[et_pb_row admin_label=&#8221;row&#8221;]<br \/>\n\t\t\t\t[et_pb_column type=&#8221;4_4&#8243;][et_pb_text admin_label=&#8221;Text&#8221;]N\u00eb fokusin ton\u00eb \u00ebsht\u00eb fuqizimi i Rrjeteve t\u00eb Rezilienc\u00ebs t\u00eb Komunitetit (CRN) p\u00ebr t\u00eb qen\u00eb m\u00eb aktive n\u00eb zonat e tyre, duke u p\u00ebrqendruar n\u00eb disa drejtime ky\u00e7e:<\/p>\n<ul>\n<li><strong>Advokimi p\u00ebr sh\u00ebrbime m\u00eb t\u00eb mira sh\u00ebndet\u00ebsore<\/strong>, sidomos n\u00eb situata emergjencash q\u00eb prekin zonat e tyre.<\/li>\n<li><strong>Identifikimi dhe evidentimi i problematikave q\u00eb prekin komunitetet<\/strong>, ve\u00e7an\u00ebrisht grupet m\u00eb t\u00eb cenuara, duke adresuar jo vet\u00ebm emergjencat sh\u00ebndet\u00ebsore por edhe sfida t\u00eb tjera me ndikim.<\/li>\n<li><strong>Informimi dhe nd\u00ebrgjegj\u00ebsimi i komuniteteve<\/strong> p\u00ebr t\u2019i p\u00ebrgatitur ato q\u00eb t\u00eb reagojn\u00eb n\u00eb m\u00ebnyr\u00eb efektive ndaj emergjencave sh\u00ebndet\u00ebsore, qofshin ato individuale apo komunitare.<\/li>\n<\/ul>\n<p>P\u00ebr t\u00eb arritur k\u00ebto q\u00ebllime, gjat\u00eb muajit dhjetor 2024 jan\u00eb organizuar pes\u00eb takime me grupet e CRN-ve, duke planifikuar aktivitetet e tyre p\u00ebr periudh\u00ebn n\u00eb vijim. Gjat\u00eb k\u00ebtyre takimeve, an\u00ebtar\u00ebt e CRN-ve kan\u00eb treguar angazhim t\u00eb madh dhe d\u00ebshir\u00eb p\u00ebr t\u00eb sjell\u00eb ndryshim n\u00eb lokalitetet e tyre, duke dh\u00ebn\u00eb nj\u00eb perspektiv\u00eb premtuese p\u00ebr t\u00eb ardhmen.<\/p>\n<p>K\u00ebto aktivitete jan\u00eb realizuar n\u00eb kuad\u00ebr t\u00eb projektit <strong>SOLIDAR &#8211; Bashk\u00eb n\u00eb emergjencat sh\u00ebndet\u00ebsore<\/strong>, financuar nga <strong>Agjencia Zvicerane p\u00ebr Zhvillim dhe Bashk\u00ebpunim (SDC)<\/strong>. Projekti po zbatohet nga organizata <strong>Together for Life<\/strong> n\u00eb bashk\u00ebpunim me <strong>GFA Consulting Group GmbH<\/strong>.<\/p>\n<p>Ky angazhim tregon p\u00ebr r\u00ebnd\u00ebsin\u00eb e p\u00ebrfshirjes aktive t\u00eb komuniteteve n\u00eb p\u00ebrballimin e sfidave sh\u00ebndet\u00ebsore, duke nd\u00ebrtuar nj\u00eb qasje gjith\u00ebp\u00ebrfshir\u00ebse dhe efektive p\u00ebr mir\u00ebqenien e t\u00eb gjith\u00ebve.[\/et_pb_text][\/et_pb_column]<br \/>\n\t\t\t[\/et_pb_row]<br \/>\n\t\t[\/et_pb_section]<\/p>\n","protected":false},"excerpt":{"rendered":"<p>N\u00eb fokusin ton\u00eb \u00ebsht\u00eb fuqizimi i Rrjeteve t\u00eb Rezilienc\u00ebs t\u00eb Komunitetit (CRN) p\u00ebr t\u00eb qen\u00eb m\u00eb aktive n\u00eb zonat e tyre, duke u p\u00ebrqendruar n\u00eb disa drejtime ky\u00e7e: Advokimi p\u00ebr [&hellip;]<\/p>\n","protected":false},"author":17,"featured_media":33980,"comment_status":"closed","ping_status":"closed","sticky":false,"template":"","format":"standard","meta":{"_et_pb_use_builder":"on","_et_pb_old_content":"N\u00eb fokusin ton\u00eb \u00ebsht\u00eb fuqizimi i Rrjeteve t\u00eb Rezilienc\u00ebs t\u00eb Komunitetit (CRN) p\u00ebr t\u00eb qen\u00eb m\u00eb aktive n\u00eb zonat e tyre, duke u p\u00ebrqendruar n\u00eb disa drejtime ky\u00e7e:\r\n<ul>\r\n \t<li><strong>Advokimi p\u00ebr sh\u00ebrbime m\u00eb t\u00eb mira sh\u00ebndet\u00ebsore<\/strong>, sidomos n\u00eb situata emergjencash q\u00eb prekin zonat e tyre.<\/li>\r\n \t<li><strong>Identifikimi dhe evidentimi i problematikave q\u00eb prekin komunitetet<\/strong>, ve\u00e7an\u00ebrisht grupet m\u00eb t\u00eb cenuara, duke adresuar jo vet\u00ebm emergjencat sh\u00ebndet\u00ebsore por edhe sfida t\u00eb tjera me ndikim.<\/li>\r\n \t<li><strong>Informimi dhe nd\u00ebrgjegj\u00ebsimi i komuniteteve<\/strong> p\u00ebr t\u2019i p\u00ebrgatitur ato q\u00eb t\u00eb reagojn\u00eb n\u00eb m\u00ebnyr\u00eb efektive ndaj emergjencave sh\u00ebndet\u00ebsore, qofshin ato individuale apo komunitare.<\/li>\r\n<\/ul>\r\nP\u00ebr t\u00eb arritur k\u00ebto q\u00ebllime, gjat\u00eb muajit dhjetor 2024 jan\u00eb organizuar pes\u00eb takime me grupet e CRN-ve, duke planifikuar aktivitetet e tyre p\u00ebr periudh\u00ebn n\u00eb vijim. Gjat\u00eb k\u00ebtyre takimeve, an\u00ebtar\u00ebt e CRN-ve kan\u00eb treguar angazhim t\u00eb madh dhe d\u00ebshir\u00eb p\u00ebr t\u00eb sjell\u00eb ndryshim n\u00eb lokalitetet e tyre, duke dh\u00ebn\u00eb nj\u00eb perspektiv\u00eb premtuese p\u00ebr t\u00eb ardhmen.\r\n\r\nK\u00ebto aktivitete jan\u00eb realizuar n\u00eb kuad\u00ebr t\u00eb projektit <strong>SOLIDAR - Bashk\u00eb n\u00eb emergjencat sh\u00ebndet\u00ebsore<\/strong>, financuar nga <strong>Agjencia Zvicerane p\u00ebr Zhvillim dhe Bashk\u00ebpunim (SDC)<\/strong>. Projekti po zbatohet nga organizata <strong>Together for Life<\/strong> n\u00eb bashk\u00ebpunim me <strong>GFA Consulting Group GmbH<\/strong>.\r\n\r\nKy angazhim tregon p\u00ebr r\u00ebnd\u00ebsin\u00eb e p\u00ebrfshirjes aktive t\u00eb komuniteteve n\u00eb p\u00ebrballimin e sfidave sh\u00ebndet\u00ebsore, duke nd\u00ebrtuar nj\u00eb qasje gjith\u00ebp\u00ebrfshir\u00ebse dhe efektive p\u00ebr mir\u00ebqenien e t\u00eb gjith\u00ebve.","_et_gb_content_width":"","footnotes":"","_links_to":"","_links_to_target":""},"categories":[93,165],"tags":[],"class_list":["post-33979","post","type-post","status-publish","format-standard","has-post-thumbnail","hentry","category-aktivitetet-e-fundit","category-solidar"],"yoast_head":"<!-- This site is optimized with the Yoast SEO plugin v28.3 - https:\/\/yoast.com\/product\/yoast-seo-wordpress\/ -->\n<title>Fuqizimi i CRN-ve p\u00ebr p\u00ebrballimin e emergjencave sh\u00ebndet\u00ebsore n\u00eb komunitetet lokale - TogetherForLife<\/title>\n<meta name=\"robots\" content=\"index, follow, max-snippet:-1, max-image-preview:large, max-video-preview:-1\" \/>\n<link rel=\"canonical\" href=\"http:\/\/www.togetherforlife.org.al\/en\/fuqizimi-i-crn-ve-per-perballimin-e-emergjencave-shendetesore-ne-komunitetet-lokale\/\" \/>\n<meta property=\"og:locale\" content=\"en_GB\" \/>\n<meta property=\"og:type\" content=\"article\" \/>\n<meta property=\"og:title\" content=\"Fuqizimi i CRN-ve p\u00ebr p\u00ebrballimin e emergjencave sh\u00ebndet\u00ebsore n\u00eb komunitetet lokale - TogetherForLife\" \/>\n<meta property=\"og:description\" content=\"N\u00eb fokusin ton\u00eb \u00ebsht\u00eb fuqizimi i Rrjeteve t\u00eb Rezilienc\u00ebs t\u00eb Komunitetit (CRN) p\u00ebr t\u00eb qen\u00eb m\u00eb aktive n\u00eb zonat e tyre, duke u p\u00ebrqendruar n\u00eb disa drejtime ky\u00e7e: Advokimi p\u00ebr [&hellip;]\" \/>\n<meta property=\"og:url\" content=\"http:\/\/www.togetherforlife.org.al\/en\/fuqizimi-i-crn-ve-per-perballimin-e-emergjencave-shendetesore-ne-komunitetet-lokale\/\" \/>\n<meta property=\"og:site_name\" content=\"TogetherForLife\" \/>\n<meta property=\"article:published_time\" content=\"2025-01-15T08:35:56+00:00\" \/>\n<meta property=\"article:modified_time\" content=\"2025-04-13T16:36:26+00:00\" \/>\n<meta property=\"og:image\" content=\"http:\/\/www.togetherforlife.org.al\/wp-content\/uploads\/2025\/01\/solidar.jpg\" \/>\n\t<meta property=\"og:image:width\" content=\"2048\" \/>\n\t<meta property=\"og:image:height\" content=\"1536\" \/>\n\t<meta property=\"og:image:type\" content=\"image\/jpeg\" \/>\n<meta name=\"author\" content=\"Blerta\" \/>\n<meta name=\"twitter:card\" content=\"summary_large_image\" \/>\n<meta name=\"twitter:label1\" content=\"Written by\" \/>\n\t<meta name=\"twitter:data1\" content=\"Blerta\" \/>\n\t<meta name=\"twitter:label2\" content=\"Estimated reading time\" \/>\n\t<meta name=\"twitter:data2\" content=\"2 minutes\" \/>\n<script type=\"application\/ld+json\" class=\"yoast-schema-graph\">{\"@context\":\"https:\\\/\\\/schema.org\",\"@graph\":[{\"@type\":\"Article\",\"@id\":\"http:\\\/\\\/www.togetherforlife.org.al\\\/en\\\/fuqizimi-i-crn-ve-per-perballimin-e-emergjencave-shendetesore-ne-komunitetet-lokale\\\/#article\",\"isPartOf\":{\"@id\":\"http:\\\/\\\/www.togetherforlife.org.al\\\/en\\\/fuqizimi-i-crn-ve-per-perballimin-e-emergjencave-shendetesore-ne-komunitetet-lokale\\\/\"},\"author\":{\"name\":\"Blerta\",\"@id\":\"https:\\\/\\\/www.togetherforlife.org.al\\\/#\\\/schema\\\/person\\\/8019403f9adfb09955c5a6d3b183a1e6\"},\"headline\":\"Fuqizimi i CRN-ve p\u00ebr p\u00ebrballimin e emergjencave sh\u00ebndet\u00ebsore n\u00eb komunitetet lokale\",\"datePublished\":\"2025-01-15T08:35:56+00:00\",\"dateModified\":\"2025-04-13T16:36:26+00:00\",\"mainEntityOfPage\":{\"@id\":\"http:\\\/\\\/www.togetherforlife.org.al\\\/en\\\/fuqizimi-i-crn-ve-per-perballimin-e-emergjencave-shendetesore-ne-komunitetet-lokale\\\/\"},\"wordCount\":315,\"image\":{\"@id\":\"http:\\\/\\\/www.togetherforlife.org.al\\\/en\\\/fuqizimi-i-crn-ve-per-perballimin-e-emergjencave-shendetesore-ne-komunitetet-lokale\\\/#primaryimage\"},\"thumbnailUrl\":\"https:\\\/\\\/www.togetherforlife.org.al\\\/wp-content\\\/uploads\\\/2025\\\/01\\\/solidar.jpg\",\"articleSection\":[\"Aktivitetet e fundit\",\"Solidar\"],\"inLanguage\":\"en-GB\"},{\"@type\":\"WebPage\",\"@id\":\"http:\\\/\\\/www.togetherforlife.org.al\\\/en\\\/fuqizimi-i-crn-ve-per-perballimin-e-emergjencave-shendetesore-ne-komunitetet-lokale\\\/\",\"url\":\"http:\\\/\\\/www.togetherforlife.org.al\\\/en\\\/fuqizimi-i-crn-ve-per-perballimin-e-emergjencave-shendetesore-ne-komunitetet-lokale\\\/\",\"name\":\"Fuqizimi i CRN-ve p\u00ebr p\u00ebrballimin e emergjencave sh\u00ebndet\u00ebsore n\u00eb komunitetet lokale - TogetherForLife\",\"isPartOf\":{\"@id\":\"https:\\\/\\\/www.togetherforlife.org.al\\\/#website\"},\"primaryImageOfPage\":{\"@id\":\"http:\\\/\\\/www.togetherforlife.org.al\\\/en\\\/fuqizimi-i-crn-ve-per-perballimin-e-emergjencave-shendetesore-ne-komunitetet-lokale\\\/#primaryimage\"},\"image\":{\"@id\":\"http:\\\/\\\/www.togetherforlife.org.al\\\/en\\\/fuqizimi-i-crn-ve-per-perballimin-e-emergjencave-shendetesore-ne-komunitetet-lokale\\\/#primaryimage\"},\"thumbnailUrl\":\"https:\\\/\\\/www.togetherforlife.org.al\\\/wp-content\\\/uploads\\\/2025\\\/01\\\/solidar.jpg\",\"datePublished\":\"2025-01-15T08:35:56+00:00\",\"dateModified\":\"2025-04-13T16:36:26+00:00\",\"author\":{\"@id\":\"https:\\\/\\\/www.togetherforlife.org.al\\\/#\\\/schema\\\/person\\\/8019403f9adfb09955c5a6d3b183a1e6\"},\"breadcrumb\":{\"@id\":\"http:\\\/\\\/www.togetherforlife.org.al\\\/en\\\/fuqizimi-i-crn-ve-per-perballimin-e-emergjencave-shendetesore-ne-komunitetet-lokale\\\/#breadcrumb\"},\"inLanguage\":\"en-GB\",\"potentialAction\":[{\"@type\":\"ReadAction\",\"target\":[\"http:\\\/\\\/www.togetherforlife.org.al\\\/en\\\/fuqizimi-i-crn-ve-per-perballimin-e-emergjencave-shendetesore-ne-komunitetet-lokale\\\/\"]}]},{\"@type\":\"ImageObject\",\"inLanguage\":\"en-GB\",\"@id\":\"http:\\\/\\\/www.togetherforlife.org.al\\\/en\\\/fuqizimi-i-crn-ve-per-perballimin-e-emergjencave-shendetesore-ne-komunitetet-lokale\\\/#primaryimage\",\"url\":\"https:\\\/\\\/www.togetherforlife.org.al\\\/wp-content\\\/uploads\\\/2025\\\/01\\\/solidar.jpg\",\"contentUrl\":\"https:\\\/\\\/www.togetherforlife.org.al\\\/wp-content\\\/uploads\\\/2025\\\/01\\\/solidar.jpg\",\"width\":2048,\"height\":1536},{\"@type\":\"BreadcrumbList\",\"@id\":\"http:\\\/\\\/www.togetherforlife.org.al\\\/en\\\/fuqizimi-i-crn-ve-per-perballimin-e-emergjencave-shendetesore-ne-komunitetet-lokale\\\/#breadcrumb\",\"itemListElement\":[{\"@type\":\"ListItem\",\"position\":1,\"name\":\"Home\",\"item\":\"https:\\\/\\\/www.togetherforlife.org.al\\\/\"},{\"@type\":\"ListItem\",\"position\":2,\"name\":\"Fuqizimi i CRN-ve p\u00ebr p\u00ebrballimin e emergjencave sh\u00ebndet\u00ebsore n\u00eb komunitetet lokale\"}]},{\"@type\":\"WebSite\",\"@id\":\"https:\\\/\\\/www.togetherforlife.org.al\\\/#website\",\"url\":\"https:\\\/\\\/www.togetherforlife.org.al\\\/\",\"name\":\"TogetherForLife\",\"description\":\"\",\"potentialAction\":[{\"@type\":\"SearchAction\",\"target\":{\"@type\":\"EntryPoint\",\"urlTemplate\":\"https:\\\/\\\/www.togetherforlife.org.al\\\/?s={search_term_string}\"},\"query-input\":{\"@type\":\"PropertyValueSpecification\",\"valueRequired\":true,\"valueName\":\"search_term_string\"}}],\"inLanguage\":\"en-GB\"},{\"@type\":\"Person\",\"@id\":\"https:\\\/\\\/www.togetherforlife.org.al\\\/#\\\/schema\\\/person\\\/8019403f9adfb09955c5a6d3b183a1e6\",\"name\":\"Blerta\",\"image\":{\"@type\":\"ImageObject\",\"inLanguage\":\"en-GB\",\"@id\":\"https:\\\/\\\/secure.gravatar.com\\\/avatar\\\/bfc9e02476aab025b97b32bb01343d759702fc87b01aab5853619c0bfea5a085?s=96&d=mm&r=g\",\"url\":\"https:\\\/\\\/secure.gravatar.com\\\/avatar\\\/bfc9e02476aab025b97b32bb01343d759702fc87b01aab5853619c0bfea5a085?s=96&d=mm&r=g\",\"contentUrl\":\"https:\\\/\\\/secure.gravatar.com\\\/avatar\\\/bfc9e02476aab025b97b32bb01343d759702fc87b01aab5853619c0bfea5a085?s=96&d=mm&r=g\",\"caption\":\"Blerta\"},\"url\":\"https:\\\/\\\/www.togetherforlife.org.al\\\/en\\\/author\\\/blerta\\\/\"}]}<\/script>\n<!-- \/ Yoast SEO plugin. -->","yoast_head_json":{"title":"Fuqizimi i CRN-ve p\u00ebr p\u00ebrballimin e emergjencave sh\u00ebndet\u00ebsore n\u00eb komunitetet lokale - TogetherForLife","robots":{"index":"index","follow":"follow","max-snippet":"max-snippet:-1","max-image-preview":"max-image-preview:large","max-video-preview":"max-video-preview:-1"},"canonical":"http:\/\/www.togetherforlife.org.al\/en\/fuqizimi-i-crn-ve-per-perballimin-e-emergjencave-shendetesore-ne-komunitetet-lokale\/","og_locale":"en_GB","og_type":"article","og_title":"Fuqizimi i CRN-ve p\u00ebr p\u00ebrballimin e emergjencave sh\u00ebndet\u00ebsore n\u00eb komunitetet lokale - TogetherForLife","og_description":"N\u00eb fokusin ton\u00eb \u00ebsht\u00eb fuqizimi i Rrjeteve t\u00eb Rezilienc\u00ebs t\u00eb Komunitetit (CRN) p\u00ebr t\u00eb qen\u00eb m\u00eb aktive n\u00eb zonat e tyre, duke u p\u00ebrqendruar n\u00eb disa drejtime ky\u00e7e: Advokimi p\u00ebr [&hellip;]","og_url":"http:\/\/www.togetherforlife.org.al\/en\/fuqizimi-i-crn-ve-per-perballimin-e-emergjencave-shendetesore-ne-komunitetet-lokale\/","og_site_name":"TogetherForLife","article_published_time":"2025-01-15T08:35:56+00:00","article_modified_time":"2025-04-13T16:36:26+00:00","og_image":[{"width":2048,"height":1536,"url":"http:\/\/www.togetherforlife.org.al\/wp-content\/uploads\/2025\/01\/solidar.jpg","type":"image\/jpeg"}],"author":"Blerta","twitter_card":"summary_large_image","twitter_misc":{"Written by":"Blerta","Estimated reading time":"2 minutes"},"schema":{"@context":"https:\/\/schema.org","@graph":[{"@type":"Article","@id":"http:\/\/www.togetherforlife.org.al\/en\/fuqizimi-i-crn-ve-per-perballimin-e-emergjencave-shendetesore-ne-komunitetet-lokale\/#article","isPartOf":{"@id":"http:\/\/www.togetherforlife.org.al\/en\/fuqizimi-i-crn-ve-per-perballimin-e-emergjencave-shendetesore-ne-komunitetet-lokale\/"},"author":{"name":"Blerta","@id":"https:\/\/www.togetherforlife.org.al\/#\/schema\/person\/8019403f9adfb09955c5a6d3b183a1e6"},"headline":"Fuqizimi i CRN-ve p\u00ebr p\u00ebrballimin e emergjencave sh\u00ebndet\u00ebsore n\u00eb komunitetet lokale","datePublished":"2025-01-15T08:35:56+00:00","dateModified":"2025-04-13T16:36:26+00:00","mainEntityOfPage":{"@id":"http:\/\/www.togetherforlife.org.al\/en\/fuqizimi-i-crn-ve-per-perballimin-e-emergjencave-shendetesore-ne-komunitetet-lokale\/"},"wordCount":315,"image":{"@id":"http:\/\/www.togetherforlife.org.al\/en\/fuqizimi-i-crn-ve-per-perballimin-e-emergjencave-shendetesore-ne-komunitetet-lokale\/#primaryimage"},"thumbnailUrl":"https:\/\/www.togetherforlife.org.al\/wp-content\/uploads\/2025\/01\/solidar.jpg","articleSection":["Aktivitetet e fundit","Solidar"],"inLanguage":"en-GB"},{"@type":"WebPage","@id":"http:\/\/www.togetherforlife.org.al\/en\/fuqizimi-i-crn-ve-per-perballimin-e-emergjencave-shendetesore-ne-komunitetet-lokale\/","url":"http:\/\/www.togetherforlife.org.al\/en\/fuqizimi-i-crn-ve-per-perballimin-e-emergjencave-shendetesore-ne-komunitetet-lokale\/","name":"Fuqizimi i CRN-ve p\u00ebr p\u00ebrballimin e emergjencave sh\u00ebndet\u00ebsore n\u00eb komunitetet lokale - TogetherForLife","isPartOf":{"@id":"https:\/\/www.togetherforlife.org.al\/#website"},"primaryImageOfPage":{"@id":"http:\/\/www.togetherforlife.org.al\/en\/fuqizimi-i-crn-ve-per-perballimin-e-emergjencave-shendetesore-ne-komunitetet-lokale\/#primaryimage"},"image":{"@id":"http:\/\/www.togetherforlife.org.al\/en\/fuqizimi-i-crn-ve-per-perballimin-e-emergjencave-shendetesore-ne-komunitetet-lokale\/#primaryimage"},"thumbnailUrl":"https:\/\/www.togetherforlife.org.al\/wp-content\/uploads\/2025\/01\/solidar.jpg","datePublished":"2025-01-15T08:35:56+00:00","dateModified":"2025-04-13T16:36:26+00:00","author":{"@id":"https:\/\/www.togetherforlife.org.al\/#\/schema\/person\/8019403f9adfb09955c5a6d3b183a1e6"},"breadcrumb":{"@id":"http:\/\/www.togetherforlife.org.al\/en\/fuqizimi-i-crn-ve-per-perballimin-e-emergjencave-shendetesore-ne-komunitetet-lokale\/#breadcrumb"},"inLanguage":"en-GB","potentialAction":[{"@type":"ReadAction","target":["http:\/\/www.togetherforlife.org.al\/en\/fuqizimi-i-crn-ve-per-perballimin-e-emergjencave-shendetesore-ne-komunitetet-lokale\/"]}]},{"@type":"ImageObject","inLanguage":"en-GB","@id":"http:\/\/www.togetherforlife.org.al\/en\/fuqizimi-i-crn-ve-per-perballimin-e-emergjencave-shendetesore-ne-komunitetet-lokale\/#primaryimage","url":"https:\/\/www.togetherforlife.org.al\/wp-content\/uploads\/2025\/01\/solidar.jpg","contentUrl":"https:\/\/www.togetherforlife.org.al\/wp-content\/uploads\/2025\/01\/solidar.jpg","width":2048,"height":1536},{"@type":"BreadcrumbList","@id":"http:\/\/www.togetherforlife.org.al\/en\/fuqizimi-i-crn-ve-per-perballimin-e-emergjencave-shendetesore-ne-komunitetet-lokale\/#breadcrumb","itemListElement":[{"@type":"ListItem","position":1,"name":"Home","item":"https:\/\/www.togetherforlife.org.al\/"},{"@type":"ListItem","position":2,"name":"Fuqizimi i CRN-ve p\u00ebr p\u00ebrballimin e emergjencave sh\u00ebndet\u00ebsore n\u00eb komunitetet lokale"}]},{"@type":"WebSite","@id":"https:\/\/www.togetherforlife.org.al\/#website","url":"https:\/\/www.togetherforlife.org.al\/","name":"TogetherForLife","description":"","potentialAction":[{"@type":"SearchAction","target":{"@type":"EntryPoint","urlTemplate":"https:\/\/www.togetherforlife.org.al\/?s={search_term_string}"},"query-input":{"@type":"PropertyValueSpecification","valueRequired":true,"valueName":"search_term_string"}}],"inLanguage":"en-GB"},{"@type":"Person","@id":"https:\/\/www.togetherforlife.org.al\/#\/schema\/person\/8019403f9adfb09955c5a6d3b183a1e6","name":"Blerta","image":{"@type":"ImageObject","inLanguage":"en-GB","@id":"https:\/\/secure.gravatar.com\/avatar\/bfc9e02476aab025b97b32bb01343d759702fc87b01aab5853619c0bfea5a085?s=96&d=mm&r=g","url":"https:\/\/secure.gravatar.com\/avatar\/bfc9e02476aab025b97b32bb01343d759702fc87b01aab5853619c0bfea5a085?s=96&d=mm&r=g","contentUrl":"https:\/\/secure.gravatar.com\/avatar\/bfc9e02476aab025b97b32bb01343d759702fc87b01aab5853619c0bfea5a085?s=96&d=mm&r=g","caption":"Blerta"},"url":"https:\/\/www.togetherforlife.org.al\/en\/author\/blerta\/"}]}},"_links":{"self":[{"href":"https:\/\/www.togetherforlife.org.al\/en\/wp-json\/wp\/v2\/posts\/33979","targetHints":{"allow":["GET"]}}],"collection":[{"href":"https:\/\/www.togetherforlife.org.al\/en\/wp-json\/wp\/v2\/posts"}],"about":[{"href":"https:\/\/www.togetherforlife.org.al\/en\/wp-json\/wp\/v2\/types\/post"}],"author":[{"embeddable":true,"href":"https:\/\/www.togetherforlife.org.al\/en\/wp-json\/wp\/v2\/users\/17"}],"replies":[{"embeddable":true,"href":"https:\/\/www.togetherforlife.org.al\/en\/wp-json\/wp\/v2\/comments?post=33979"}],"version-history":[{"count":3,"href":"https:\/\/www.togetherforlife.org.al\/en\/wp-json\/wp\/v2\/posts\/33979\/revisions"}],"predecessor-version":[{"id":34210,"href":"https:\/\/www.togetherforlife.org.al\/en\/wp-json\/wp\/v2\/posts\/33979\/revisions\/34210"}],"wp:featuredmedia":[{"embeddable":true,"href":"https:\/\/www.togetherforlife.org.al\/en\/wp-json\/wp\/v2\/media\/33980"}],"wp:attachment":[{"href":"https:\/\/www.togetherforlife.org.al\/en\/wp-json\/wp\/v2\/media?parent=33979"}],"wp:term":[{"taxonomy":"category","embeddable":true,"href":"https:\/\/www.togetherforlife.org.al\/en\/wp-json\/wp\/v2\/categories?post=33979"},{"taxonomy":"post_tag","embeddable":true,"href":"https:\/\/www.togetherforlife.org.al\/en\/wp-json\/wp\/v2\/tags?post=33979"}],"curies":[{"name":"wp","href":"https:\/\/api.w.org\/{rel}","templated":true}]}}