{"id":31291,"date":"2011-09-10T10:15:35","date_gmt":"2011-09-10T08:15:35","guid":{"rendered":"https:\/\/www.togetherforlife.org.al\/?p=31291"},"modified":"2021-10-04T12:42:00","modified_gmt":"2021-10-04T10:42:00","slug":"e-projekti-permiresimi-i-kushteve-pritese-ne-kontekstin-e-turizmit-familjar-ne-fshatin-turistik-te-thethit","status":"publish","type":"post","link":"https:\/\/www.togetherforlife.org.al\/en\/e-projekti-permiresimi-i-kushteve-pritese-ne-kontekstin-e-turizmit-familjar-ne-fshatin-turistik-te-thethit\/","title":{"rendered":"E- project \u201crestoring health services to the tourist northern village Theth\u201d"},"content":{"rendered":"<p><strong>Donor: UNDP<\/strong><\/p>\n<p><strong>Implementation period: 2010<\/strong><\/p>\n<p><strong>Project goal:<\/strong>\u00a0Fighting poverty and improving social cohesion in low-income communities in northern Albania<\/p>\n<p><strong>Objectives:<\/strong><\/p>\n<ol>\n<li>Improving the conditions of electricity supply in family hostels in the village of Theth<\/li>\n<li>Improving basic and emergency health care in Theth village.<\/li>\n<\/ol>\n<p>With the support of UNDP,  \"Together For Life\", managed to make these concrete interventions.<br \/>\n1. Installation of up to 25 solar thermal systems, for hot water for showers, to reduce the load on the electrical network.<br \/>\n2. Provide 25 solar photovoltaic systems from a minimum of 50 Wp for homes with the highest tourist turnover<br \/>\n3. Provide high efficiency compact fluorescent or LED lighting.<\/p>","protected":false},"excerpt":{"rendered":"<p>Donator: UNDP Periudha e implementimit: 2010 Q\u00ebllimi i projektit:\u00a0Luftimi i varf\u00ebris\u00eb dhe p\u00ebrmir\u00ebsimi i kohezionit social n\u00eb komunitet me t\u00eb ardhura t\u00eb ul\u00ebta ne veriun e Shqip\u00ebris\u00eb Objektivat: P\u00ebrmir\u00ebsimi kushteve [&hellip;]<\/p>","protected":false},"author":17,"featured_media":31292,"comment_status":"closed","ping_status":"closed","sticky":false,"template":"","format":"standard","meta":{"_et_pb_use_builder":"","_et_pb_old_content":"","_et_gb_content_width":"","footnotes":"","_links_to":"","_links_to_target":""},"categories":[49,51,54],"tags":[96],"class_list":["post-31291","post","type-post","status-publish","format-standard","has-post-thumbnail","hentry","category-mjedis","category-projekte-mjedis","category-projekte-shendet-dhe-mireqenie","tag-investime"],"yoast_head":"<!-- This site is optimized with the Yoast SEO plugin v23.4 - https:\/\/yoast.com\/wordpress\/plugins\/seo\/ -->\n<title>E-projekti: p\u00ebrmir\u00ebsimi i kushteve prit\u00ebse ne kontekstin e turizmit familjar n\u00eb fshatin turistik t\u00eb Thethit - TogetherForLife<\/title>\n<meta name=\"robots\" content=\"index, follow, max-snippet:-1, max-image-preview:large, max-video-preview:-1\" \/>\n<link rel=\"canonical\" href=\"https:\/\/www.togetherforlife.org.al\/en\/e-projekti-permiresimi-i-kushteve-pritese-ne-kontekstin-e-turizmit-familjar-ne-fshatin-turistik-te-thethit\/\" \/>\n<meta property=\"og:locale\" content=\"en_GB\" \/>\n<meta property=\"og:type\" content=\"article\" \/>\n<meta property=\"og:title\" content=\"E-projekti: p\u00ebrmir\u00ebsimi i kushteve prit\u00ebse ne kontekstin e turizmit familjar n\u00eb fshatin turistik t\u00eb Thethit - TogetherForLife\" \/>\n<meta property=\"og:description\" content=\"Donator: UNDP Periudha e implementimit: 2010 Q\u00ebllimi i projektit:\u00a0Luftimi i varf\u00ebris\u00eb dhe p\u00ebrmir\u00ebsimi i kohezionit social n\u00eb komunitet me t\u00eb ardhura t\u00eb ul\u00ebta ne veriun e Shqip\u00ebris\u00eb Objektivat: P\u00ebrmir\u00ebsimi kushteve [&hellip;]\" \/>\n<meta property=\"og:url\" content=\"https:\/\/www.togetherforlife.org.al\/en\/e-projekti-permiresimi-i-kushteve-pritese-ne-kontekstin-e-turizmit-familjar-ne-fshatin-turistik-te-thethit\/\" \/>\n<meta property=\"og:site_name\" content=\"TogetherForLife\" \/>\n<meta property=\"article:published_time\" content=\"2011-09-10T08:15:35+00:00\" \/>\n<meta property=\"article:modified_time\" content=\"2021-10-04T10:42:00+00:00\" \/>\n<meta property=\"og:image\" content=\"https:\/\/www.togetherforlife.org.al\/wp-content\/uploads\/2021\/09\/Theth.jpg\" \/>\n\t<meta property=\"og:image:width\" content=\"300\" \/>\n\t<meta property=\"og:image:height\" content=\"200\" \/>\n\t<meta property=\"og:image:type\" content=\"image\/jpeg\" \/>\n<meta name=\"author\" content=\"Blerta\" \/>\n<meta name=\"twitter:card\" content=\"summary_large_image\" \/>\n<meta name=\"twitter:label1\" content=\"Written by\" \/>\n\t<meta name=\"twitter:data1\" content=\"Blerta\" \/>\n\t<meta name=\"twitter:label2\" content=\"Estimated reading time\" \/>\n\t<meta name=\"twitter:data2\" content=\"1 minute\" \/>\n<script type=\"application\/ld+json\" class=\"yoast-schema-graph\">{\"@context\":\"https:\/\/schema.org\",\"@graph\":[{\"@type\":\"WebPage\",\"@id\":\"https:\/\/www.togetherforlife.org.al\/e-projekti-permiresimi-i-kushteve-pritese-ne-kontekstin-e-turizmit-familjar-ne-fshatin-turistik-te-thethit\/\",\"url\":\"https:\/\/www.togetherforlife.org.al\/e-projekti-permiresimi-i-kushteve-pritese-ne-kontekstin-e-turizmit-familjar-ne-fshatin-turistik-te-thethit\/\",\"name\":\"E-projekti: p\u00ebrmir\u00ebsimi i kushteve prit\u00ebse ne kontekstin e turizmit familjar n\u00eb fshatin turistik t\u00eb Thethit - TogetherForLife\",\"isPartOf\":{\"@id\":\"https:\/\/www.togetherforlife.org.al\/#website\"},\"primaryImageOfPage\":{\"@id\":\"https:\/\/www.togetherforlife.org.al\/e-projekti-permiresimi-i-kushteve-pritese-ne-kontekstin-e-turizmit-familjar-ne-fshatin-turistik-te-thethit\/#primaryimage\"},\"image\":{\"@id\":\"https:\/\/www.togetherforlife.org.al\/e-projekti-permiresimi-i-kushteve-pritese-ne-kontekstin-e-turizmit-familjar-ne-fshatin-turistik-te-thethit\/#primaryimage\"},\"thumbnailUrl\":\"https:\/\/www.togetherforlife.org.al\/wp-content\/uploads\/2021\/09\/Theth.jpg\",\"datePublished\":\"2011-09-10T08:15:35+00:00\",\"dateModified\":\"2021-10-04T10:42:00+00:00\",\"author\":{\"@id\":\"https:\/\/www.togetherforlife.org.al\/#\/schema\/person\/8019403f9adfb09955c5a6d3b183a1e6\"},\"breadcrumb\":{\"@id\":\"https:\/\/www.togetherforlife.org.al\/e-projekti-permiresimi-i-kushteve-pritese-ne-kontekstin-e-turizmit-familjar-ne-fshatin-turistik-te-thethit\/#breadcrumb\"},\"inLanguage\":\"en-GB\",\"potentialAction\":[{\"@type\":\"ReadAction\",\"target\":[\"https:\/\/www.togetherforlife.org.al\/e-projekti-permiresimi-i-kushteve-pritese-ne-kontekstin-e-turizmit-familjar-ne-fshatin-turistik-te-thethit\/\"]}]},{\"@type\":\"ImageObject\",\"inLanguage\":\"en-GB\",\"@id\":\"https:\/\/www.togetherforlife.org.al\/e-projekti-permiresimi-i-kushteve-pritese-ne-kontekstin-e-turizmit-familjar-ne-fshatin-turistik-te-thethit\/#primaryimage\",\"url\":\"https:\/\/www.togetherforlife.org.al\/wp-content\/uploads\/2021\/09\/Theth.jpg\",\"contentUrl\":\"https:\/\/www.togetherforlife.org.al\/wp-content\/uploads\/2021\/09\/Theth.jpg\",\"width\":300,\"height\":200},{\"@type\":\"BreadcrumbList\",\"@id\":\"https:\/\/www.togetherforlife.org.al\/e-projekti-permiresimi-i-kushteve-pritese-ne-kontekstin-e-turizmit-familjar-ne-fshatin-turistik-te-thethit\/#breadcrumb\",\"itemListElement\":[{\"@type\":\"ListItem\",\"position\":1,\"name\":\"Home\",\"item\":\"https:\/\/www.togetherforlife.org.al\/\"},{\"@type\":\"ListItem\",\"position\":2,\"name\":\"E-projekti: p\u00ebrmir\u00ebsimi i kushteve prit\u00ebse ne kontekstin e turizmit familjar n\u00eb fshatin turistik t\u00eb Thethit\"}]},{\"@type\":\"WebSite\",\"@id\":\"https:\/\/www.togetherforlife.org.al\/#website\",\"url\":\"https:\/\/www.togetherforlife.org.al\/\",\"name\":\"TogetherForLife\",\"description\":\"\",\"potentialAction\":[{\"@type\":\"SearchAction\",\"target\":{\"@type\":\"EntryPoint\",\"urlTemplate\":\"https:\/\/www.togetherforlife.org.al\/?s={search_term_string}\"},\"query-input\":{\"@type\":\"PropertyValueSpecification\",\"valueRequired\":true,\"valueName\":\"search_term_string\"}}],\"inLanguage\":\"en-GB\"},{\"@type\":\"Person\",\"@id\":\"https:\/\/www.togetherforlife.org.al\/#\/schema\/person\/8019403f9adfb09955c5a6d3b183a1e6\",\"name\":\"Blerta\",\"image\":{\"@type\":\"ImageObject\",\"inLanguage\":\"en-GB\",\"@id\":\"https:\/\/www.togetherforlife.org.al\/#\/schema\/person\/image\/\",\"url\":\"https:\/\/secure.gravatar.com\/avatar\/f468c97410ada94493ef2b720d21baf8?s=96&d=mm&r=g\",\"contentUrl\":\"https:\/\/secure.gravatar.com\/avatar\/f468c97410ada94493ef2b720d21baf8?s=96&d=mm&r=g\",\"caption\":\"Blerta\"},\"url\":\"https:\/\/www.togetherforlife.org.al\/en\/author\/blerta\/\"}]}<\/script>\n<!-- \/ Yoast SEO plugin. -->","yoast_head_json":{"title":"E-projekti: p\u00ebrmir\u00ebsimi i kushteve prit\u00ebse ne kontekstin e turizmit familjar n\u00eb fshatin turistik t\u00eb Thethit - TogetherForLife","robots":{"index":"index","follow":"follow","max-snippet":"max-snippet:-1","max-image-preview":"max-image-preview:large","max-video-preview":"max-video-preview:-1"},"canonical":"https:\/\/www.togetherforlife.org.al\/en\/e-projekti-permiresimi-i-kushteve-pritese-ne-kontekstin-e-turizmit-familjar-ne-fshatin-turistik-te-thethit\/","og_locale":"en_GB","og_type":"article","og_title":"E-projekti: p\u00ebrmir\u00ebsimi i kushteve prit\u00ebse ne kontekstin e turizmit familjar n\u00eb fshatin turistik t\u00eb Thethit - TogetherForLife","og_description":"Donator: UNDP Periudha e implementimit: 2010 Q\u00ebllimi i projektit:\u00a0Luftimi i varf\u00ebris\u00eb dhe p\u00ebrmir\u00ebsimi i kohezionit social n\u00eb komunitet me t\u00eb ardhura t\u00eb ul\u00ebta ne veriun e Shqip\u00ebris\u00eb Objektivat: P\u00ebrmir\u00ebsimi kushteve [&hellip;]","og_url":"https:\/\/www.togetherforlife.org.al\/en\/e-projekti-permiresimi-i-kushteve-pritese-ne-kontekstin-e-turizmit-familjar-ne-fshatin-turistik-te-thethit\/","og_site_name":"TogetherForLife","article_published_time":"2011-09-10T08:15:35+00:00","article_modified_time":"2021-10-04T10:42:00+00:00","og_image":[{"width":300,"height":200,"url":"https:\/\/www.togetherforlife.org.al\/wp-content\/uploads\/2021\/09\/Theth.jpg","type":"image\/jpeg"}],"author":"Blerta","twitter_card":"summary_large_image","twitter_misc":{"Written by":"Blerta","Estimated reading time":"1 minute"},"schema":{"@context":"https:\/\/schema.org","@graph":[{"@type":"WebPage","@id":"https:\/\/www.togetherforlife.org.al\/e-projekti-permiresimi-i-kushteve-pritese-ne-kontekstin-e-turizmit-familjar-ne-fshatin-turistik-te-thethit\/","url":"https:\/\/www.togetherforlife.org.al\/e-projekti-permiresimi-i-kushteve-pritese-ne-kontekstin-e-turizmit-familjar-ne-fshatin-turistik-te-thethit\/","name":"E-projekti: p\u00ebrmir\u00ebsimi i kushteve prit\u00ebse ne kontekstin e turizmit familjar n\u00eb fshatin turistik t\u00eb Thethit - TogetherForLife","isPartOf":{"@id":"https:\/\/www.togetherforlife.org.al\/#website"},"primaryImageOfPage":{"@id":"https:\/\/www.togetherforlife.org.al\/e-projekti-permiresimi-i-kushteve-pritese-ne-kontekstin-e-turizmit-familjar-ne-fshatin-turistik-te-thethit\/#primaryimage"},"image":{"@id":"https:\/\/www.togetherforlife.org.al\/e-projekti-permiresimi-i-kushteve-pritese-ne-kontekstin-e-turizmit-familjar-ne-fshatin-turistik-te-thethit\/#primaryimage"},"thumbnailUrl":"https:\/\/www.togetherforlife.org.al\/wp-content\/uploads\/2021\/09\/Theth.jpg","datePublished":"2011-09-10T08:15:35+00:00","dateModified":"2021-10-04T10:42:00+00:00","author":{"@id":"https:\/\/www.togetherforlife.org.al\/#\/schema\/person\/8019403f9adfb09955c5a6d3b183a1e6"},"breadcrumb":{"@id":"https:\/\/www.togetherforlife.org.al\/e-projekti-permiresimi-i-kushteve-pritese-ne-kontekstin-e-turizmit-familjar-ne-fshatin-turistik-te-thethit\/#breadcrumb"},"inLanguage":"en-GB","potentialAction":[{"@type":"ReadAction","target":["https:\/\/www.togetherforlife.org.al\/e-projekti-permiresimi-i-kushteve-pritese-ne-kontekstin-e-turizmit-familjar-ne-fshatin-turistik-te-thethit\/"]}]},{"@type":"ImageObject","inLanguage":"en-GB","@id":"https:\/\/www.togetherforlife.org.al\/e-projekti-permiresimi-i-kushteve-pritese-ne-kontekstin-e-turizmit-familjar-ne-fshatin-turistik-te-thethit\/#primaryimage","url":"https:\/\/www.togetherforlife.org.al\/wp-content\/uploads\/2021\/09\/Theth.jpg","contentUrl":"https:\/\/www.togetherforlife.org.al\/wp-content\/uploads\/2021\/09\/Theth.jpg","width":300,"height":200},{"@type":"BreadcrumbList","@id":"https:\/\/www.togetherforlife.org.al\/e-projekti-permiresimi-i-kushteve-pritese-ne-kontekstin-e-turizmit-familjar-ne-fshatin-turistik-te-thethit\/#breadcrumb","itemListElement":[{"@type":"ListItem","position":1,"name":"Home","item":"https:\/\/www.togetherforlife.org.al\/"},{"@type":"ListItem","position":2,"name":"E-projekti: p\u00ebrmir\u00ebsimi i kushteve prit\u00ebse ne kontekstin e turizmit familjar n\u00eb fshatin turistik t\u00eb Thethit"}]},{"@type":"WebSite","@id":"https:\/\/www.togetherforlife.org.al\/#website","url":"https:\/\/www.togetherforlife.org.al\/","name":"TogetherForLife","description":"","potentialAction":[{"@type":"SearchAction","target":{"@type":"EntryPoint","urlTemplate":"https:\/\/www.togetherforlife.org.al\/?s={search_term_string}"},"query-input":{"@type":"PropertyValueSpecification","valueRequired":true,"valueName":"search_term_string"}}],"inLanguage":"en-GB"},{"@type":"Person","@id":"https:\/\/www.togetherforlife.org.al\/#\/schema\/person\/8019403f9adfb09955c5a6d3b183a1e6","name":"Blerta","image":{"@type":"ImageObject","inLanguage":"en-GB","@id":"https:\/\/www.togetherforlife.org.al\/#\/schema\/person\/image\/","url":"https:\/\/secure.gravatar.com\/avatar\/f468c97410ada94493ef2b720d21baf8?s=96&d=mm&r=g","contentUrl":"https:\/\/secure.gravatar.com\/avatar\/f468c97410ada94493ef2b720d21baf8?s=96&d=mm&r=g","caption":"Blerta"},"url":"https:\/\/www.togetherforlife.org.al\/en\/author\/blerta\/"}]}},"_links":{"self":[{"href":"https:\/\/www.togetherforlife.org.al\/en\/wp-json\/wp\/v2\/posts\/31291"}],"collection":[{"href":"https:\/\/www.togetherforlife.org.al\/en\/wp-json\/wp\/v2\/posts"}],"about":[{"href":"https:\/\/www.togetherforlife.org.al\/en\/wp-json\/wp\/v2\/types\/post"}],"author":[{"embeddable":true,"href":"https:\/\/www.togetherforlife.org.al\/en\/wp-json\/wp\/v2\/users\/17"}],"replies":[{"embeddable":true,"href":"https:\/\/www.togetherforlife.org.al\/en\/wp-json\/wp\/v2\/comments?post=31291"}],"version-history":[{"count":1,"href":"https:\/\/www.togetherforlife.org.al\/en\/wp-json\/wp\/v2\/posts\/31291\/revisions"}],"predecessor-version":[{"id":31293,"href":"https:\/\/www.togetherforlife.org.al\/en\/wp-json\/wp\/v2\/posts\/31291\/revisions\/31293"}],"wp:featuredmedia":[{"embeddable":true,"href":"https:\/\/www.togetherforlife.org.al\/en\/wp-json\/wp\/v2\/media\/31292"}],"wp:attachment":[{"href":"https:\/\/www.togetherforlife.org.al\/en\/wp-json\/wp\/v2\/media?parent=31291"}],"wp:term":[{"taxonomy":"category","embeddable":true,"href":"https:\/\/www.togetherforlife.org.al\/en\/wp-json\/wp\/v2\/categories?post=31291"},{"taxonomy":"post_tag","embeddable":true,"href":"https:\/\/www.togetherforlife.org.al\/en\/wp-json\/wp\/v2\/tags?post=31291"}],"curies":[{"name":"wp","href":"https:\/\/api.w.org\/{rel}","templated":true}]}}