{"id":30880,"date":"2011-05-11T16:34:34","date_gmt":"2011-05-11T14:34:34","guid":{"rendered":"https:\/\/new.togetherforlife.org.al\/?p=30880"},"modified":"2021-10-04T12:42:36","modified_gmt":"2021-10-04T10:42:36","slug":"fshatit-turistik-te-thethit-i-rikthehet-sherbimi-shendetesor-pas-22-vitesh","status":"publish","type":"post","link":"https:\/\/www.togetherforlife.org.al\/en\/fshatit-turistik-te-thethit-i-rikthehet-sherbimi-shendetesor-pas-22-vitesh\/","title":{"rendered":"The health service of Thethi tourist village is restored after 22 years"},"content":{"rendered":"<p>[et_pb_section fb_built=&#8221;1&#8243; _builder_version=&#8221;4.9.2&#8243; _module_preset=&#8221;default&#8221; custom_margin=&#8221;0px||0px||true|false&#8221; custom_padding=&#8221;0px||0px||true|false&#8221;][et_pb_row _builder_version=&#8221;4.9.2&#8243; _module_preset=&#8221;default&#8221; custom_margin=&#8221;0px||0px||true|false&#8221; custom_padding=&#8221;0px||0px||true|false&#8221;][et_pb_column type=&#8221;4_4&#8243; _builder_version=&#8221;4.9.2&#8243; _module_preset=&#8221;default&#8221;][et_pb_text _builder_version=&#8221;4.9.2&#8243; _module_preset=&#8221;default&#8221; custom_margin=&#8221;0px||0px||true|false&#8221; custom_padding=&#8221;0px||0px||true|false&#8221; hover_enabled=&#8221;0&#8243; sticky_enabled=&#8221;0&#8243;]<\/p>\n<p style=\"text-align: justify;\"><span style=\"color: #000000;\">The tourist village of Thethi suffered a total lack of health care for 22 years.<\/span><\/p>\n<p style=\"text-align: justify;\"><span style=\"color: #000000;\">This situation has brought great problems not only for residents but also for tourists as the lack of health care has often ended in tragedy. The first phase of the project enabled the return  the health service for the first time in 20 years . To achieve this goal, these steps were followed.<\/span><\/p>\n<p style=\"text-align: justify;\"><span style=\"color: #000000;\">\"Together for Life\"  was able to restore the needed service to about 500 residents of this area and thousands of tourists. This center provides basic health services and hosts any emergency.  Two nurses and a doctor and offers 24 hour service. The head of the village has enabled the accommodation of health personnel during the summer months. The Ministry of Health has assured that the health service will not be missing during the summer months or the coming years and they will provide additional payment for work difficulties.<\/span><\/p>\n<p style=\"text-align: justify;\"><span style=\"color: #000000;\">The health center is also equipped with solar panels for hot water and energy so that there are no problems at any time.<\/span><\/p>\n<p style=\"text-align: justify;\"><span style=\"color: #000000;\">This project was an opportunity from SOROS and UNDP and at its inauguration was also the UN Resident Coordinator for Albania, Mrs. Zineb Touimi-Benjelloun<\/span><\/p>\n<p style=\"text-align: justify;\"><span style=\"color: #000000;\"><strong>Viti 2011<\/strong><\/span><\/p>\n<p>[\/et_pb_text][\/et_pb_column][\/et_pb_row][\/et_pb_section]<\/p>","protected":false},"excerpt":{"rendered":"<p>Fshati turistik i Thethit vuante munges\u00ebn totale t\u00eb sh\u00ebrbimit sh\u00ebndet\u00ebsor prej 22 vitesh. Kjo situat\u00eb ka sjell\u00eb probleme t\u00eb m\u00ebdha jo vet\u00ebm p\u00ebr banor\u00ebt por edhe p\u00ebr turist\u00ebt pasi mungesa [&hellip;]<\/p>","protected":false},"author":1,"featured_media":30885,"comment_status":"closed","ping_status":"closed","sticky":false,"template":"","format":"standard","meta":{"_et_pb_use_builder":"on","_et_pb_old_content":"","_et_gb_content_width":"","footnotes":"","_links_to":"","_links_to_target":""},"categories":[60,61],"tags":[96],"class_list":["post-30880","post","type-post","status-publish","format-standard","has-post-thumbnail","hentry","category-video-mjedisi","category-video-shendet","tag-investime"],"yoast_head":"<!-- This site is optimized with the Yoast SEO plugin v23.4 - https:\/\/yoast.com\/wordpress\/plugins\/seo\/ -->\n<title>Fshatit turistik t\u00eb Thethit i rikthehet sh\u00ebrbimi sh\u00ebndet\u00ebsor pas 22 vitesh - TogetherForLife<\/title>\n<meta name=\"robots\" content=\"index, follow, max-snippet:-1, max-image-preview:large, max-video-preview:-1\" \/>\n<link rel=\"canonical\" href=\"https:\/\/www.togetherforlife.org.al\/en\/fshatit-turistik-te-thethit-i-rikthehet-sherbimi-shendetesor-pas-22-vitesh\/\" \/>\n<meta property=\"og:locale\" content=\"en_GB\" \/>\n<meta property=\"og:type\" content=\"article\" \/>\n<meta property=\"og:title\" content=\"Fshatit turistik t\u00eb Thethit i rikthehet sh\u00ebrbimi sh\u00ebndet\u00ebsor pas 22 vitesh - TogetherForLife\" \/>\n<meta property=\"og:description\" content=\"Fshati turistik i Thethit vuante munges\u00ebn totale t\u00eb sh\u00ebrbimit sh\u00ebndet\u00ebsor prej 22 vitesh. Kjo situat\u00eb ka sjell\u00eb probleme t\u00eb m\u00ebdha jo vet\u00ebm p\u00ebr banor\u00ebt por edhe p\u00ebr turist\u00ebt pasi mungesa [&hellip;]\" \/>\n<meta property=\"og:url\" content=\"https:\/\/www.togetherforlife.org.al\/en\/fshatit-turistik-te-thethit-i-rikthehet-sherbimi-shendetesor-pas-22-vitesh\/\" \/>\n<meta property=\"og:site_name\" content=\"TogetherForLife\" \/>\n<meta property=\"article:published_time\" content=\"2011-05-11T14:34:34+00:00\" \/>\n<meta property=\"article:modified_time\" content=\"2021-10-04T10:42:36+00:00\" \/>\n<meta property=\"og:image\" content=\"https:\/\/www.togetherforlife.org.al\/wp-content\/uploads\/2021\/05\/qendra-shendetesore-900x444-1.jpg\" \/>\n\t<meta property=\"og:image:width\" content=\"900\" \/>\n\t<meta property=\"og:image:height\" content=\"444\" \/>\n\t<meta property=\"og:image:type\" content=\"image\/jpeg\" \/>\n<meta name=\"author\" content=\"admini\" \/>\n<meta name=\"twitter:card\" content=\"summary_large_image\" \/>\n<meta name=\"twitter:label1\" content=\"Written by\" \/>\n\t<meta name=\"twitter:data1\" content=\"admini\" \/>\n\t<meta name=\"twitter:label2\" content=\"Estimated reading time\" \/>\n\t<meta name=\"twitter:data2\" content=\"2 minutes\" \/>\n<script type=\"application\/ld+json\" class=\"yoast-schema-graph\">{\"@context\":\"https:\/\/schema.org\",\"@graph\":[{\"@type\":\"WebPage\",\"@id\":\"https:\/\/www.togetherforlife.org.al\/fshatit-turistik-te-thethit-i-rikthehet-sherbimi-shendetesor-pas-22-vitesh\/\",\"url\":\"https:\/\/www.togetherforlife.org.al\/fshatit-turistik-te-thethit-i-rikthehet-sherbimi-shendetesor-pas-22-vitesh\/\",\"name\":\"Fshatit turistik t\u00eb Thethit i rikthehet sh\u00ebrbimi sh\u00ebndet\u00ebsor pas 22 vitesh - TogetherForLife\",\"isPartOf\":{\"@id\":\"https:\/\/www.togetherforlife.org.al\/#website\"},\"primaryImageOfPage\":{\"@id\":\"https:\/\/www.togetherforlife.org.al\/fshatit-turistik-te-thethit-i-rikthehet-sherbimi-shendetesor-pas-22-vitesh\/#primaryimage\"},\"image\":{\"@id\":\"https:\/\/www.togetherforlife.org.al\/fshatit-turistik-te-thethit-i-rikthehet-sherbimi-shendetesor-pas-22-vitesh\/#primaryimage\"},\"thumbnailUrl\":\"https:\/\/www.togetherforlife.org.al\/wp-content\/uploads\/2021\/05\/qendra-shendetesore-900x444-1.jpg\",\"datePublished\":\"2011-05-11T14:34:34+00:00\",\"dateModified\":\"2021-10-04T10:42:36+00:00\",\"author\":{\"@id\":\"https:\/\/www.togetherforlife.org.al\/#\/schema\/person\/4befe38841bd18a617fe0c5501d0c6f6\"},\"breadcrumb\":{\"@id\":\"https:\/\/www.togetherforlife.org.al\/fshatit-turistik-te-thethit-i-rikthehet-sherbimi-shendetesor-pas-22-vitesh\/#breadcrumb\"},\"inLanguage\":\"en-GB\",\"potentialAction\":[{\"@type\":\"ReadAction\",\"target\":[\"https:\/\/www.togetherforlife.org.al\/fshatit-turistik-te-thethit-i-rikthehet-sherbimi-shendetesor-pas-22-vitesh\/\"]}]},{\"@type\":\"ImageObject\",\"inLanguage\":\"en-GB\",\"@id\":\"https:\/\/www.togetherforlife.org.al\/fshatit-turistik-te-thethit-i-rikthehet-sherbimi-shendetesor-pas-22-vitesh\/#primaryimage\",\"url\":\"https:\/\/www.togetherforlife.org.al\/wp-content\/uploads\/2021\/05\/qendra-shendetesore-900x444-1.jpg\",\"contentUrl\":\"https:\/\/www.togetherforlife.org.al\/wp-content\/uploads\/2021\/05\/qendra-shendetesore-900x444-1.jpg\",\"width\":900,\"height\":444},{\"@type\":\"BreadcrumbList\",\"@id\":\"https:\/\/www.togetherforlife.org.al\/fshatit-turistik-te-thethit-i-rikthehet-sherbimi-shendetesor-pas-22-vitesh\/#breadcrumb\",\"itemListElement\":[{\"@type\":\"ListItem\",\"position\":1,\"name\":\"Home\",\"item\":\"https:\/\/www.togetherforlife.org.al\/\"},{\"@type\":\"ListItem\",\"position\":2,\"name\":\"Fshatit turistik t\u00eb Thethit i rikthehet sh\u00ebrbimi sh\u00ebndet\u00ebsor pas 22 vitesh\"}]},{\"@type\":\"WebSite\",\"@id\":\"https:\/\/www.togetherforlife.org.al\/#website\",\"url\":\"https:\/\/www.togetherforlife.org.al\/\",\"name\":\"TogetherForLife\",\"description\":\"\",\"potentialAction\":[{\"@type\":\"SearchAction\",\"target\":{\"@type\":\"EntryPoint\",\"urlTemplate\":\"https:\/\/www.togetherforlife.org.al\/?s={search_term_string}\"},\"query-input\":{\"@type\":\"PropertyValueSpecification\",\"valueRequired\":true,\"valueName\":\"search_term_string\"}}],\"inLanguage\":\"en-GB\"},{\"@type\":\"Person\",\"@id\":\"https:\/\/www.togetherforlife.org.al\/#\/schema\/person\/4befe38841bd18a617fe0c5501d0c6f6\",\"name\":\"admini\",\"image\":{\"@type\":\"ImageObject\",\"inLanguage\":\"en-GB\",\"@id\":\"https:\/\/www.togetherforlife.org.al\/#\/schema\/person\/image\/\",\"url\":\"https:\/\/secure.gravatar.com\/avatar\/c5cf61e9ef85f79d38d26caee131e29d?s=96&d=mm&r=g\",\"contentUrl\":\"https:\/\/secure.gravatar.com\/avatar\/c5cf61e9ef85f79d38d26caee131e29d?s=96&d=mm&r=g\",\"caption\":\"admini\"},\"sameAs\":[\"http:\/\/new.togetherforlife.org.al\"],\"url\":\"https:\/\/www.togetherforlife.org.al\/en\/author\/admini\/\"}]}<\/script>\n<!-- \/ Yoast SEO plugin. -->","yoast_head_json":{"title":"Fshatit turistik t\u00eb Thethit i rikthehet sh\u00ebrbimi sh\u00ebndet\u00ebsor pas 22 vitesh - TogetherForLife","robots":{"index":"index","follow":"follow","max-snippet":"max-snippet:-1","max-image-preview":"max-image-preview:large","max-video-preview":"max-video-preview:-1"},"canonical":"https:\/\/www.togetherforlife.org.al\/en\/fshatit-turistik-te-thethit-i-rikthehet-sherbimi-shendetesor-pas-22-vitesh\/","og_locale":"en_GB","og_type":"article","og_title":"Fshatit turistik t\u00eb Thethit i rikthehet sh\u00ebrbimi sh\u00ebndet\u00ebsor pas 22 vitesh - TogetherForLife","og_description":"Fshati turistik i Thethit vuante munges\u00ebn totale t\u00eb sh\u00ebrbimit sh\u00ebndet\u00ebsor prej 22 vitesh. Kjo situat\u00eb ka sjell\u00eb probleme t\u00eb m\u00ebdha jo vet\u00ebm p\u00ebr banor\u00ebt por edhe p\u00ebr turist\u00ebt pasi mungesa [&hellip;]","og_url":"https:\/\/www.togetherforlife.org.al\/en\/fshatit-turistik-te-thethit-i-rikthehet-sherbimi-shendetesor-pas-22-vitesh\/","og_site_name":"TogetherForLife","article_published_time":"2011-05-11T14:34:34+00:00","article_modified_time":"2021-10-04T10:42:36+00:00","og_image":[{"width":900,"height":444,"url":"https:\/\/www.togetherforlife.org.al\/wp-content\/uploads\/2021\/05\/qendra-shendetesore-900x444-1.jpg","type":"image\/jpeg"}],"author":"admini","twitter_card":"summary_large_image","twitter_misc":{"Written by":"admini","Estimated reading time":"2 minutes"},"schema":{"@context":"https:\/\/schema.org","@graph":[{"@type":"WebPage","@id":"https:\/\/www.togetherforlife.org.al\/fshatit-turistik-te-thethit-i-rikthehet-sherbimi-shendetesor-pas-22-vitesh\/","url":"https:\/\/www.togetherforlife.org.al\/fshatit-turistik-te-thethit-i-rikthehet-sherbimi-shendetesor-pas-22-vitesh\/","name":"Fshatit turistik t\u00eb Thethit i rikthehet sh\u00ebrbimi sh\u00ebndet\u00ebsor pas 22 vitesh - TogetherForLife","isPartOf":{"@id":"https:\/\/www.togetherforlife.org.al\/#website"},"primaryImageOfPage":{"@id":"https:\/\/www.togetherforlife.org.al\/fshatit-turistik-te-thethit-i-rikthehet-sherbimi-shendetesor-pas-22-vitesh\/#primaryimage"},"image":{"@id":"https:\/\/www.togetherforlife.org.al\/fshatit-turistik-te-thethit-i-rikthehet-sherbimi-shendetesor-pas-22-vitesh\/#primaryimage"},"thumbnailUrl":"https:\/\/www.togetherforlife.org.al\/wp-content\/uploads\/2021\/05\/qendra-shendetesore-900x444-1.jpg","datePublished":"2011-05-11T14:34:34+00:00","dateModified":"2021-10-04T10:42:36+00:00","author":{"@id":"https:\/\/www.togetherforlife.org.al\/#\/schema\/person\/4befe38841bd18a617fe0c5501d0c6f6"},"breadcrumb":{"@id":"https:\/\/www.togetherforlife.org.al\/fshatit-turistik-te-thethit-i-rikthehet-sherbimi-shendetesor-pas-22-vitesh\/#breadcrumb"},"inLanguage":"en-GB","potentialAction":[{"@type":"ReadAction","target":["https:\/\/www.togetherforlife.org.al\/fshatit-turistik-te-thethit-i-rikthehet-sherbimi-shendetesor-pas-22-vitesh\/"]}]},{"@type":"ImageObject","inLanguage":"en-GB","@id":"https:\/\/www.togetherforlife.org.al\/fshatit-turistik-te-thethit-i-rikthehet-sherbimi-shendetesor-pas-22-vitesh\/#primaryimage","url":"https:\/\/www.togetherforlife.org.al\/wp-content\/uploads\/2021\/05\/qendra-shendetesore-900x444-1.jpg","contentUrl":"https:\/\/www.togetherforlife.org.al\/wp-content\/uploads\/2021\/05\/qendra-shendetesore-900x444-1.jpg","width":900,"height":444},{"@type":"BreadcrumbList","@id":"https:\/\/www.togetherforlife.org.al\/fshatit-turistik-te-thethit-i-rikthehet-sherbimi-shendetesor-pas-22-vitesh\/#breadcrumb","itemListElement":[{"@type":"ListItem","position":1,"name":"Home","item":"https:\/\/www.togetherforlife.org.al\/"},{"@type":"ListItem","position":2,"name":"Fshatit turistik t\u00eb Thethit i rikthehet sh\u00ebrbimi sh\u00ebndet\u00ebsor pas 22 vitesh"}]},{"@type":"WebSite","@id":"https:\/\/www.togetherforlife.org.al\/#website","url":"https:\/\/www.togetherforlife.org.al\/","name":"TogetherForLife","description":"","potentialAction":[{"@type":"SearchAction","target":{"@type":"EntryPoint","urlTemplate":"https:\/\/www.togetherforlife.org.al\/?s={search_term_string}"},"query-input":{"@type":"PropertyValueSpecification","valueRequired":true,"valueName":"search_term_string"}}],"inLanguage":"en-GB"},{"@type":"Person","@id":"https:\/\/www.togetherforlife.org.al\/#\/schema\/person\/4befe38841bd18a617fe0c5501d0c6f6","name":"admini","image":{"@type":"ImageObject","inLanguage":"en-GB","@id":"https:\/\/www.togetherforlife.org.al\/#\/schema\/person\/image\/","url":"https:\/\/secure.gravatar.com\/avatar\/c5cf61e9ef85f79d38d26caee131e29d?s=96&d=mm&r=g","contentUrl":"https:\/\/secure.gravatar.com\/avatar\/c5cf61e9ef85f79d38d26caee131e29d?s=96&d=mm&r=g","caption":"admini"},"sameAs":["http:\/\/new.togetherforlife.org.al"],"url":"https:\/\/www.togetherforlife.org.al\/en\/author\/admini\/"}]}},"_links":{"self":[{"href":"https:\/\/www.togetherforlife.org.al\/en\/wp-json\/wp\/v2\/posts\/30880"}],"collection":[{"href":"https:\/\/www.togetherforlife.org.al\/en\/wp-json\/wp\/v2\/posts"}],"about":[{"href":"https:\/\/www.togetherforlife.org.al\/en\/wp-json\/wp\/v2\/types\/post"}],"author":[{"embeddable":true,"href":"https:\/\/www.togetherforlife.org.al\/en\/wp-json\/wp\/v2\/users\/1"}],"replies":[{"embeddable":true,"href":"https:\/\/www.togetherforlife.org.al\/en\/wp-json\/wp\/v2\/comments?post=30880"}],"version-history":[{"count":2,"href":"https:\/\/www.togetherforlife.org.al\/en\/wp-json\/wp\/v2\/posts\/30880\/revisions"}],"predecessor-version":[{"id":30886,"href":"https:\/\/www.togetherforlife.org.al\/en\/wp-json\/wp\/v2\/posts\/30880\/revisions\/30886"}],"wp:featuredmedia":[{"embeddable":true,"href":"https:\/\/www.togetherforlife.org.al\/en\/wp-json\/wp\/v2\/media\/30885"}],"wp:attachment":[{"href":"https:\/\/www.togetherforlife.org.al\/en\/wp-json\/wp\/v2\/media?parent=30880"}],"wp:term":[{"taxonomy":"category","embeddable":true,"href":"https:\/\/www.togetherforlife.org.al\/en\/wp-json\/wp\/v2\/categories?post=30880"},{"taxonomy":"post_tag","embeddable":true,"href":"https:\/\/www.togetherforlife.org.al\/en\/wp-json\/wp\/v2\/tags?post=30880"}],"curies":[{"name":"wp","href":"https:\/\/api.w.org\/{rel}","templated":true}]}}