{"id":30880,"date":"2011-05-11T16:34:34","date_gmt":"2011-05-11T14:34:34","guid":{"rendered":"https:\/\/new.togetherforlife.org.al\/?p=30880"},"modified":"2021-10-04T12:42:36","modified_gmt":"2021-10-04T10:42:36","slug":"fshatit-turistik-te-thethit-i-rikthehet-sherbimi-shendetesor-pas-22-vitesh","status":"publish","type":"post","link":"https:\/\/www.togetherforlife.org.al\/en\/fshatit-turistik-te-thethit-i-rikthehet-sherbimi-shendetesor-pas-22-vitesh\/","title":{"rendered":"The health service of Thethi tourist village is restored after 22 years"},"content":{"rendered":"<p>[et_pb_section fb_built=&#8221;1&#8243; _builder_version=&#8221;4.9.2&#8243; _module_preset=&#8221;default&#8221; custom_margin=&#8221;0px||0px||true|false&#8221; custom_padding=&#8221;0px||0px||true|false&#8221;][et_pb_row _builder_version=&#8221;4.9.2&#8243; _module_preset=&#8221;default&#8221; custom_margin=&#8221;0px||0px||true|false&#8221; custom_padding=&#8221;0px||0px||true|false&#8221;][et_pb_column type=&#8221;4_4&#8243; _builder_version=&#8221;4.9.2&#8243; _module_preset=&#8221;default&#8221;][et_pb_text _builder_version=&#8221;4.9.2&#8243; _module_preset=&#8221;default&#8221; custom_margin=&#8221;0px||0px||true|false&#8221; custom_padding=&#8221;0px||0px||true|false&#8221; hover_enabled=&#8221;0&#8243; sticky_enabled=&#8221;0&#8243;]<\/p>\n<p style=\"text-align: justify;\"><span style=\"color: #000000;\">Fshati turistik i Thethit vuante munges\u00ebn totale t\u00eb sh\u00ebrbimit sh\u00ebndet\u00ebsor prej 22 vitesh.<\/span><\/p>\n<p style=\"text-align: justify;\"><span style=\"color: #000000;\">Kjo situat\u00eb ka sjell\u00eb probleme t\u00eb m\u00ebdha jo vet\u00ebm p\u00ebr banor\u00ebt por edhe p\u00ebr turist\u00ebt pasi mungesa e sh\u00ebrbimit sh\u00ebndet\u00ebsor shpesh ka p\u00ebrfunduar edhe me tragjedi. Me an\u00eb t\u00eb faz\u00ebs s\u00eb par\u00eb t\u00eb projektit \u00ebsht\u00eb mund\u00ebsuar rikthimi i sh\u00ebrbimit sh\u00ebndet\u00ebsor p\u00ebr her\u00eb t\u00eb para pas 20 vjet\u00ebsh p\u00ebr t\u00eb ofruar. P\u00ebr t\u00eb realizuar k\u00ebt\u00eb objektiv u ndoq\u00ebn k\u00ebto hapa.<\/span><\/p>\n<p style=\"text-align: justify;\"><span style=\"color: #000000;\">Shoqata \u201cTogether for Life\u201d, mundi t\u2019iu rikthente sh\u00ebrbimin e munguar rreth 500 banor\u00ebve t\u00eb k\u00ebtij fashti dhe mij\u00ebra turst\u00ebve.\u00a0Kjo qend\u00ebr ofron sh\u00ebrbimet baz\u00eb sh\u00ebndet\u00ebsore dhe pret \u00e7do rast emergjent. Aty sh\u00ebrbejn\u00eb dy infermiere dhe nj\u00eb mejk dhe ofrohet sh\u00ebrbim 24 or\u00eb. Kryeplaku i fshatit ka mund\u00ebsuar strehimin e personelit sh\u00ebndet\u00ebsor gjat\u00eb muajve t\u00eb ver\u00ebs. Ministria e Sh\u00ebndet\u00ebsis\u00eb ka siguruar se sh\u00ebrbimi sh\u00ebndet\u00ebsor nuk do t\u00eb mungoj\u00eb gjat\u00eb muajve t\u00eb ver\u00ebs as vitet e ardhshme sepse do t\u00eb siguroj\u00eb pages\u00eb suplementare p\u00ebr v\u00ebshtir\u00ebsi pun\u00eb p\u00ebr personelin.<\/span><\/p>\n<p style=\"text-align: justify;\"><span style=\"color: #000000;\">Qendra sh\u00ebndet\u00ebsore \u00ebsht\u00eb pajisur edhe me panele diellore p\u00ebr uj\u00eb t\u00eb ngroh\u00ebt dhe energji n\u00eb m\u00ebnyr\u00eb q\u00eb t\u00eb mos ket\u00eb probleme ne asnj\u00eb moment.<\/span><\/p>\n<p style=\"text-align: justify;\"><span style=\"color: #000000;\">Ky projekt u mund\u00ebsia nga SOROS dhe UNDP dhe n\u00eb inaugurimin e tij ishte edhe\u00a0Koordinatorja e P\u00ebrhershme e OKB-s\u00eb p\u00ebr Shqip\u00ebri, znj. Zineb Touimi-Benjelloun<\/span><\/p>\n<p style=\"text-align: justify;\"><span style=\"color: #000000;\"><strong>Viti 2011<\/strong><\/span><\/p>\n<p>[\/et_pb_text][\/et_pb_column][\/et_pb_row][\/et_pb_section]<\/p>\n","protected":false},"excerpt":{"rendered":"<p>Fshati turistik i Thethit vuante munges\u00ebn totale t\u00eb sh\u00ebrbimit sh\u00ebndet\u00ebsor prej 22 vitesh. Kjo situat\u00eb ka sjell\u00eb probleme t\u00eb m\u00ebdha jo vet\u00ebm p\u00ebr banor\u00ebt por edhe p\u00ebr turist\u00ebt pasi mungesa [&hellip;]<\/p>\n","protected":false},"author":1,"featured_media":30885,"comment_status":"closed","ping_status":"closed","sticky":false,"template":"","format":"standard","meta":{"_et_pb_use_builder":"on","_et_pb_old_content":"","_et_gb_content_width":"","footnotes":"","_links_to":"","_links_to_target":""},"categories":[60,61],"tags":[96],"class_list":["post-30880","post","type-post","status-publish","format-standard","has-post-thumbnail","hentry","category-video-mjedisi","category-video-shendet","tag-investime"],"yoast_head":"<!-- This site is optimized with the Yoast SEO plugin v28.3 - https:\/\/yoast.com\/product\/yoast-seo-wordpress\/ -->\n<title>Fshatit turistik t\u00eb Thethit i rikthehet sh\u00ebrbimi sh\u00ebndet\u00ebsor pas 22 vitesh - TogetherForLife<\/title>\n<meta name=\"robots\" content=\"index, follow, max-snippet:-1, max-image-preview:large, max-video-preview:-1\" \/>\n<link rel=\"canonical\" href=\"https:\/\/www.togetherforlife.org.al\/en\/fshatit-turistik-te-thethit-i-rikthehet-sherbimi-shendetesor-pas-22-vitesh\/\" \/>\n<meta property=\"og:locale\" content=\"en_GB\" \/>\n<meta property=\"og:type\" content=\"article\" \/>\n<meta property=\"og:title\" content=\"Fshatit turistik t\u00eb Thethit i rikthehet sh\u00ebrbimi sh\u00ebndet\u00ebsor pas 22 vitesh - TogetherForLife\" \/>\n<meta property=\"og:description\" content=\"Fshati turistik i Thethit vuante munges\u00ebn totale t\u00eb sh\u00ebrbimit sh\u00ebndet\u00ebsor prej 22 vitesh. Kjo situat\u00eb ka sjell\u00eb probleme t\u00eb m\u00ebdha jo vet\u00ebm p\u00ebr banor\u00ebt por edhe p\u00ebr turist\u00ebt pasi mungesa [&hellip;]\" \/>\n<meta property=\"og:url\" content=\"https:\/\/www.togetherforlife.org.al\/en\/fshatit-turistik-te-thethit-i-rikthehet-sherbimi-shendetesor-pas-22-vitesh\/\" \/>\n<meta property=\"og:site_name\" content=\"TogetherForLife\" \/>\n<meta property=\"article:published_time\" content=\"2011-05-11T14:34:34+00:00\" \/>\n<meta property=\"article:modified_time\" content=\"2021-10-04T10:42:36+00:00\" \/>\n<meta property=\"og:image\" content=\"https:\/\/www.togetherforlife.org.al\/wp-content\/uploads\/2021\/05\/qendra-shendetesore-900x444-1.jpg\" \/>\n\t<meta property=\"og:image:width\" content=\"900\" \/>\n\t<meta property=\"og:image:height\" content=\"444\" \/>\n\t<meta property=\"og:image:type\" content=\"image\/jpeg\" \/>\n<meta name=\"author\" content=\"admini\" \/>\n<meta name=\"twitter:card\" content=\"summary_large_image\" \/>\n<meta name=\"twitter:label1\" content=\"Written by\" \/>\n\t<meta name=\"twitter:data1\" content=\"admini\" \/>\n\t<meta name=\"twitter:label2\" content=\"Estimated reading time\" \/>\n\t<meta name=\"twitter:data2\" content=\"2 minutes\" \/>\n<script type=\"application\/ld+json\" class=\"yoast-schema-graph\">{\"@context\":\"https:\\\/\\\/schema.org\",\"@graph\":[{\"@type\":\"Article\",\"@id\":\"https:\\\/\\\/www.togetherforlife.org.al\\\/en\\\/fshatit-turistik-te-thethit-i-rikthehet-sherbimi-shendetesor-pas-22-vitesh\\\/#article\",\"isPartOf\":{\"@id\":\"https:\\\/\\\/www.togetherforlife.org.al\\\/en\\\/fshatit-turistik-te-thethit-i-rikthehet-sherbimi-shendetesor-pas-22-vitesh\\\/\"},\"author\":{\"name\":\"admini\",\"@id\":\"https:\\\/\\\/www.togetherforlife.org.al\\\/#\\\/schema\\\/person\\\/4befe38841bd18a617fe0c5501d0c6f6\"},\"headline\":\"Fshatit turistik t\u00eb Thethit i rikthehet sh\u00ebrbimi sh\u00ebndet\u00ebsor pas 22 vitesh\",\"datePublished\":\"2011-05-11T14:34:34+00:00\",\"dateModified\":\"2021-10-04T10:42:36+00:00\",\"mainEntityOfPage\":{\"@id\":\"https:\\\/\\\/www.togetherforlife.org.al\\\/en\\\/fshatit-turistik-te-thethit-i-rikthehet-sherbimi-shendetesor-pas-22-vitesh\\\/\"},\"wordCount\":365,\"image\":{\"@id\":\"https:\\\/\\\/www.togetherforlife.org.al\\\/en\\\/fshatit-turistik-te-thethit-i-rikthehet-sherbimi-shendetesor-pas-22-vitesh\\\/#primaryimage\"},\"thumbnailUrl\":\"https:\\\/\\\/www.togetherforlife.org.al\\\/wp-content\\\/uploads\\\/2021\\\/05\\\/qendra-shendetesore-900x444-1.jpg\",\"keywords\":[\"investime\"],\"articleSection\":[\"Mjedisi\",\"Sh\u00ebndet\"],\"inLanguage\":\"en-GB\"},{\"@type\":\"WebPage\",\"@id\":\"https:\\\/\\\/www.togetherforlife.org.al\\\/en\\\/fshatit-turistik-te-thethit-i-rikthehet-sherbimi-shendetesor-pas-22-vitesh\\\/\",\"url\":\"https:\\\/\\\/www.togetherforlife.org.al\\\/en\\\/fshatit-turistik-te-thethit-i-rikthehet-sherbimi-shendetesor-pas-22-vitesh\\\/\",\"name\":\"Fshatit turistik t\u00eb Thethit i rikthehet sh\u00ebrbimi sh\u00ebndet\u00ebsor pas 22 vitesh - TogetherForLife\",\"isPartOf\":{\"@id\":\"https:\\\/\\\/www.togetherforlife.org.al\\\/#website\"},\"primaryImageOfPage\":{\"@id\":\"https:\\\/\\\/www.togetherforlife.org.al\\\/en\\\/fshatit-turistik-te-thethit-i-rikthehet-sherbimi-shendetesor-pas-22-vitesh\\\/#primaryimage\"},\"image\":{\"@id\":\"https:\\\/\\\/www.togetherforlife.org.al\\\/en\\\/fshatit-turistik-te-thethit-i-rikthehet-sherbimi-shendetesor-pas-22-vitesh\\\/#primaryimage\"},\"thumbnailUrl\":\"https:\\\/\\\/www.togetherforlife.org.al\\\/wp-content\\\/uploads\\\/2021\\\/05\\\/qendra-shendetesore-900x444-1.jpg\",\"datePublished\":\"2011-05-11T14:34:34+00:00\",\"dateModified\":\"2021-10-04T10:42:36+00:00\",\"author\":{\"@id\":\"https:\\\/\\\/www.togetherforlife.org.al\\\/#\\\/schema\\\/person\\\/4befe38841bd18a617fe0c5501d0c6f6\"},\"breadcrumb\":{\"@id\":\"https:\\\/\\\/www.togetherforlife.org.al\\\/en\\\/fshatit-turistik-te-thethit-i-rikthehet-sherbimi-shendetesor-pas-22-vitesh\\\/#breadcrumb\"},\"inLanguage\":\"en-GB\",\"potentialAction\":[{\"@type\":\"ReadAction\",\"target\":[\"https:\\\/\\\/www.togetherforlife.org.al\\\/en\\\/fshatit-turistik-te-thethit-i-rikthehet-sherbimi-shendetesor-pas-22-vitesh\\\/\"]}]},{\"@type\":\"ImageObject\",\"inLanguage\":\"en-GB\",\"@id\":\"https:\\\/\\\/www.togetherforlife.org.al\\\/en\\\/fshatit-turistik-te-thethit-i-rikthehet-sherbimi-shendetesor-pas-22-vitesh\\\/#primaryimage\",\"url\":\"https:\\\/\\\/www.togetherforlife.org.al\\\/wp-content\\\/uploads\\\/2021\\\/05\\\/qendra-shendetesore-900x444-1.jpg\",\"contentUrl\":\"https:\\\/\\\/www.togetherforlife.org.al\\\/wp-content\\\/uploads\\\/2021\\\/05\\\/qendra-shendetesore-900x444-1.jpg\",\"width\":900,\"height\":444},{\"@type\":\"BreadcrumbList\",\"@id\":\"https:\\\/\\\/www.togetherforlife.org.al\\\/en\\\/fshatit-turistik-te-thethit-i-rikthehet-sherbimi-shendetesor-pas-22-vitesh\\\/#breadcrumb\",\"itemListElement\":[{\"@type\":\"ListItem\",\"position\":1,\"name\":\"Home\",\"item\":\"https:\\\/\\\/www.togetherforlife.org.al\\\/\"},{\"@type\":\"ListItem\",\"position\":2,\"name\":\"Fshatit turistik t\u00eb Thethit i rikthehet sh\u00ebrbimi sh\u00ebndet\u00ebsor pas 22 vitesh\"}]},{\"@type\":\"WebSite\",\"@id\":\"https:\\\/\\\/www.togetherforlife.org.al\\\/#website\",\"url\":\"https:\\\/\\\/www.togetherforlife.org.al\\\/\",\"name\":\"TogetherForLife\",\"description\":\"\",\"potentialAction\":[{\"@type\":\"SearchAction\",\"target\":{\"@type\":\"EntryPoint\",\"urlTemplate\":\"https:\\\/\\\/www.togetherforlife.org.al\\\/?s={search_term_string}\"},\"query-input\":{\"@type\":\"PropertyValueSpecification\",\"valueRequired\":true,\"valueName\":\"search_term_string\"}}],\"inLanguage\":\"en-GB\"},{\"@type\":\"Person\",\"@id\":\"https:\\\/\\\/www.togetherforlife.org.al\\\/#\\\/schema\\\/person\\\/4befe38841bd18a617fe0c5501d0c6f6\",\"name\":\"admini\",\"image\":{\"@type\":\"ImageObject\",\"inLanguage\":\"en-GB\",\"@id\":\"https:\\\/\\\/secure.gravatar.com\\\/avatar\\\/3d6d0d4a4ea9ccceef92063c1027c0b4ea3c4941fba38a6e603a4db8dedb1e9f?s=96&d=mm&r=g\",\"url\":\"https:\\\/\\\/secure.gravatar.com\\\/avatar\\\/3d6d0d4a4ea9ccceef92063c1027c0b4ea3c4941fba38a6e603a4db8dedb1e9f?s=96&d=mm&r=g\",\"contentUrl\":\"https:\\\/\\\/secure.gravatar.com\\\/avatar\\\/3d6d0d4a4ea9ccceef92063c1027c0b4ea3c4941fba38a6e603a4db8dedb1e9f?s=96&d=mm&r=g\",\"caption\":\"admini\"},\"sameAs\":[\"http:\\\/\\\/new.togetherforlife.org.al\"],\"url\":\"https:\\\/\\\/www.togetherforlife.org.al\\\/en\\\/author\\\/admini\\\/\"}]}<\/script>\n<!-- \/ Yoast SEO plugin. -->","yoast_head_json":{"title":"Fshatit turistik t\u00eb Thethit i rikthehet sh\u00ebrbimi sh\u00ebndet\u00ebsor pas 22 vitesh - TogetherForLife","robots":{"index":"index","follow":"follow","max-snippet":"max-snippet:-1","max-image-preview":"max-image-preview:large","max-video-preview":"max-video-preview:-1"},"canonical":"https:\/\/www.togetherforlife.org.al\/en\/fshatit-turistik-te-thethit-i-rikthehet-sherbimi-shendetesor-pas-22-vitesh\/","og_locale":"en_GB","og_type":"article","og_title":"Fshatit turistik t\u00eb Thethit i rikthehet sh\u00ebrbimi sh\u00ebndet\u00ebsor pas 22 vitesh - TogetherForLife","og_description":"Fshati turistik i Thethit vuante munges\u00ebn totale t\u00eb sh\u00ebrbimit sh\u00ebndet\u00ebsor prej 22 vitesh. Kjo situat\u00eb ka sjell\u00eb probleme t\u00eb m\u00ebdha jo vet\u00ebm p\u00ebr banor\u00ebt por edhe p\u00ebr turist\u00ebt pasi mungesa [&hellip;]","og_url":"https:\/\/www.togetherforlife.org.al\/en\/fshatit-turistik-te-thethit-i-rikthehet-sherbimi-shendetesor-pas-22-vitesh\/","og_site_name":"TogetherForLife","article_published_time":"2011-05-11T14:34:34+00:00","article_modified_time":"2021-10-04T10:42:36+00:00","og_image":[{"width":900,"height":444,"url":"https:\/\/www.togetherforlife.org.al\/wp-content\/uploads\/2021\/05\/qendra-shendetesore-900x444-1.jpg","type":"image\/jpeg"}],"author":"admini","twitter_card":"summary_large_image","twitter_misc":{"Written by":"admini","Estimated reading time":"2 minutes"},"schema":{"@context":"https:\/\/schema.org","@graph":[{"@type":"Article","@id":"https:\/\/www.togetherforlife.org.al\/en\/fshatit-turistik-te-thethit-i-rikthehet-sherbimi-shendetesor-pas-22-vitesh\/#article","isPartOf":{"@id":"https:\/\/www.togetherforlife.org.al\/en\/fshatit-turistik-te-thethit-i-rikthehet-sherbimi-shendetesor-pas-22-vitesh\/"},"author":{"name":"admini","@id":"https:\/\/www.togetherforlife.org.al\/#\/schema\/person\/4befe38841bd18a617fe0c5501d0c6f6"},"headline":"Fshatit turistik t\u00eb Thethit i rikthehet sh\u00ebrbimi sh\u00ebndet\u00ebsor pas 22 vitesh","datePublished":"2011-05-11T14:34:34+00:00","dateModified":"2021-10-04T10:42:36+00:00","mainEntityOfPage":{"@id":"https:\/\/www.togetherforlife.org.al\/en\/fshatit-turistik-te-thethit-i-rikthehet-sherbimi-shendetesor-pas-22-vitesh\/"},"wordCount":365,"image":{"@id":"https:\/\/www.togetherforlife.org.al\/en\/fshatit-turistik-te-thethit-i-rikthehet-sherbimi-shendetesor-pas-22-vitesh\/#primaryimage"},"thumbnailUrl":"https:\/\/www.togetherforlife.org.al\/wp-content\/uploads\/2021\/05\/qendra-shendetesore-900x444-1.jpg","keywords":["investime"],"articleSection":["Mjedisi","Sh\u00ebndet"],"inLanguage":"en-GB"},{"@type":"WebPage","@id":"https:\/\/www.togetherforlife.org.al\/en\/fshatit-turistik-te-thethit-i-rikthehet-sherbimi-shendetesor-pas-22-vitesh\/","url":"https:\/\/www.togetherforlife.org.al\/en\/fshatit-turistik-te-thethit-i-rikthehet-sherbimi-shendetesor-pas-22-vitesh\/","name":"Fshatit turistik t\u00eb Thethit i rikthehet sh\u00ebrbimi sh\u00ebndet\u00ebsor pas 22 vitesh - TogetherForLife","isPartOf":{"@id":"https:\/\/www.togetherforlife.org.al\/#website"},"primaryImageOfPage":{"@id":"https:\/\/www.togetherforlife.org.al\/en\/fshatit-turistik-te-thethit-i-rikthehet-sherbimi-shendetesor-pas-22-vitesh\/#primaryimage"},"image":{"@id":"https:\/\/www.togetherforlife.org.al\/en\/fshatit-turistik-te-thethit-i-rikthehet-sherbimi-shendetesor-pas-22-vitesh\/#primaryimage"},"thumbnailUrl":"https:\/\/www.togetherforlife.org.al\/wp-content\/uploads\/2021\/05\/qendra-shendetesore-900x444-1.jpg","datePublished":"2011-05-11T14:34:34+00:00","dateModified":"2021-10-04T10:42:36+00:00","author":{"@id":"https:\/\/www.togetherforlife.org.al\/#\/schema\/person\/4befe38841bd18a617fe0c5501d0c6f6"},"breadcrumb":{"@id":"https:\/\/www.togetherforlife.org.al\/en\/fshatit-turistik-te-thethit-i-rikthehet-sherbimi-shendetesor-pas-22-vitesh\/#breadcrumb"},"inLanguage":"en-GB","potentialAction":[{"@type":"ReadAction","target":["https:\/\/www.togetherforlife.org.al\/en\/fshatit-turistik-te-thethit-i-rikthehet-sherbimi-shendetesor-pas-22-vitesh\/"]}]},{"@type":"ImageObject","inLanguage":"en-GB","@id":"https:\/\/www.togetherforlife.org.al\/en\/fshatit-turistik-te-thethit-i-rikthehet-sherbimi-shendetesor-pas-22-vitesh\/#primaryimage","url":"https:\/\/www.togetherforlife.org.al\/wp-content\/uploads\/2021\/05\/qendra-shendetesore-900x444-1.jpg","contentUrl":"https:\/\/www.togetherforlife.org.al\/wp-content\/uploads\/2021\/05\/qendra-shendetesore-900x444-1.jpg","width":900,"height":444},{"@type":"BreadcrumbList","@id":"https:\/\/www.togetherforlife.org.al\/en\/fshatit-turistik-te-thethit-i-rikthehet-sherbimi-shendetesor-pas-22-vitesh\/#breadcrumb","itemListElement":[{"@type":"ListItem","position":1,"name":"Home","item":"https:\/\/www.togetherforlife.org.al\/"},{"@type":"ListItem","position":2,"name":"Fshatit turistik t\u00eb Thethit i rikthehet sh\u00ebrbimi sh\u00ebndet\u00ebsor pas 22 vitesh"}]},{"@type":"WebSite","@id":"https:\/\/www.togetherforlife.org.al\/#website","url":"https:\/\/www.togetherforlife.org.al\/","name":"TogetherForLife","description":"","potentialAction":[{"@type":"SearchAction","target":{"@type":"EntryPoint","urlTemplate":"https:\/\/www.togetherforlife.org.al\/?s={search_term_string}"},"query-input":{"@type":"PropertyValueSpecification","valueRequired":true,"valueName":"search_term_string"}}],"inLanguage":"en-GB"},{"@type":"Person","@id":"https:\/\/www.togetherforlife.org.al\/#\/schema\/person\/4befe38841bd18a617fe0c5501d0c6f6","name":"admini","image":{"@type":"ImageObject","inLanguage":"en-GB","@id":"https:\/\/secure.gravatar.com\/avatar\/3d6d0d4a4ea9ccceef92063c1027c0b4ea3c4941fba38a6e603a4db8dedb1e9f?s=96&d=mm&r=g","url":"https:\/\/secure.gravatar.com\/avatar\/3d6d0d4a4ea9ccceef92063c1027c0b4ea3c4941fba38a6e603a4db8dedb1e9f?s=96&d=mm&r=g","contentUrl":"https:\/\/secure.gravatar.com\/avatar\/3d6d0d4a4ea9ccceef92063c1027c0b4ea3c4941fba38a6e603a4db8dedb1e9f?s=96&d=mm&r=g","caption":"admini"},"sameAs":["http:\/\/new.togetherforlife.org.al"],"url":"https:\/\/www.togetherforlife.org.al\/en\/author\/admini\/"}]}},"_links":{"self":[{"href":"https:\/\/www.togetherforlife.org.al\/en\/wp-json\/wp\/v2\/posts\/30880","targetHints":{"allow":["GET"]}}],"collection":[{"href":"https:\/\/www.togetherforlife.org.al\/en\/wp-json\/wp\/v2\/posts"}],"about":[{"href":"https:\/\/www.togetherforlife.org.al\/en\/wp-json\/wp\/v2\/types\/post"}],"author":[{"embeddable":true,"href":"https:\/\/www.togetherforlife.org.al\/en\/wp-json\/wp\/v2\/users\/1"}],"replies":[{"embeddable":true,"href":"https:\/\/www.togetherforlife.org.al\/en\/wp-json\/wp\/v2\/comments?post=30880"}],"version-history":[{"count":2,"href":"https:\/\/www.togetherforlife.org.al\/en\/wp-json\/wp\/v2\/posts\/30880\/revisions"}],"predecessor-version":[{"id":30886,"href":"https:\/\/www.togetherforlife.org.al\/en\/wp-json\/wp\/v2\/posts\/30880\/revisions\/30886"}],"wp:featuredmedia":[{"embeddable":true,"href":"https:\/\/www.togetherforlife.org.al\/en\/wp-json\/wp\/v2\/media\/30885"}],"wp:attachment":[{"href":"https:\/\/www.togetherforlife.org.al\/en\/wp-json\/wp\/v2\/media?parent=30880"}],"wp:term":[{"taxonomy":"category","embeddable":true,"href":"https:\/\/www.togetherforlife.org.al\/en\/wp-json\/wp\/v2\/categories?post=30880"},{"taxonomy":"post_tag","embeddable":true,"href":"https:\/\/www.togetherforlife.org.al\/en\/wp-json\/wp\/v2\/tags?post=30880"}],"curies":[{"name":"wp","href":"https:\/\/api.w.org\/{rel}","templated":true}]}}