{"id":30853,"date":"2017-05-11T16:16:00","date_gmt":"2017-05-11T14:16:00","guid":{"rendered":"https:\/\/new.togetherforlife.org.al\/?p=30853"},"modified":"2021-10-04T12:42:52","modified_gmt":"2021-10-04T10:42:52","slug":"investimi-ne-qendrat-shendetesore-te-shupenzes-maqellares-dhe-kastriotit","status":"publish","type":"post","link":"https:\/\/www.togetherforlife.org.al\/en\/investimi-ne-qendrat-shendetesore-te-shupenzes-maqellares-dhe-kastriotit\/","title":{"rendered":"Investing in the Health Centers of Shupenza, Maqellara and Kastriot"},"content":{"rendered":"<p>[et_pb_section fb_built=&#8221;1&#8243; _builder_version=&#8221;4.9.2&#8243; _module_preset=&#8221;default&#8221; custom_margin=&#8221;0px||0px||true|false&#8221; custom_padding=&#8221;0px||0px||true|false&#8221;][et_pb_row _builder_version=&#8221;4.9.2&#8243; _module_preset=&#8221;default&#8221; custom_margin=&#8221;0px||0px||true|false&#8221; custom_padding=&#8221;0px||0px||true|false&#8221;][et_pb_column type=&#8221;4_4&#8243; _builder_version=&#8221;4.9.2&#8243; _module_preset=&#8221;default&#8221;][et_pb_text _builder_version=&#8221;4.9.2&#8243; _module_preset=&#8221;default&#8221; custom_margin=&#8221;0px||0px||true|false&#8221; custom_padding=&#8221;0px||0px||true|false&#8221;]<\/p>\n<p style=\"text-align: justify;\"><span style=\"color: #000000;\">Ambasadorja Gjermane Susanne Sch\u00fctz s\u00eb bashku me kryetarin e Bashkis\u00eb s\u00eb Bulqiz\u00ebs, z. Melaim Damzi, vizituan qendr\u00ebn mjek\u00ebsore n\u00eb Shupenz\u00eb. Kjo \u00ebsht\u00eb nj\u00eb nga projektet p\u00ebr pajisjen e qendrave mjek\u00ebsore rajonale me panele diellore, mb\u00ebshtetur financiarisht nga Ambasada Gjermane dhe zbatuar nga shoqata \u201cTogether For Life\u201d.<\/span><\/p>\n<p style=\"text-align: justify;\"><span style=\"color: #000000;\">N\u00ebp\u00ebrmjet kontributit gjerman jan\u00eb p\u00ebrmir\u00ebsuar n\u00eb m\u00ebnyr\u00eb t\u00eb ndjeshme kushtet higjienike dhe sanitare n\u00eb k\u00ebto qendra. Mb\u00ebshtetja gjermane plot\u00ebson k\u00ebsisoj rikonstruktimin e qendrave sh\u00ebndet\u00ebsore t\u00eb mund\u00ebsuar financiarisht nga Ndihma Zvicerane p\u00ebr Zhvillim.<\/span><\/p>\n<p style=\"text-align: justify;\"><span style=\"color: #000000;\">P\u00ebrve\u00e7 k\u00ebsaj, Ambasada jep me an\u00eb t\u00eb k\u00ebtij projekti nj\u00eb kontribut t\u00eb duksh\u00ebm n\u00eb p\u00ebrhapjen e energjis\u00eb s\u00eb rinovueshme n\u00eb Shqip\u00ebri.<\/span><\/p>\n<p style=\"text-align: justify;\"><span style=\"color: #000000;\">K\u00ebto qendra sh\u00ebndet\u00ebsore mbulojn\u00eb nj\u00eb num\u00ebr t\u00eb konsideruesh\u00ebm banor\u00ebsh.<\/span><\/p>\n<ol>\n<li style=\"text-align: justify;\"><span style=\"color: #000000;\">Qendra sh\u00ebndet\u00ebsore e Maqellar\u00ebs \u00ebsht\u00eb pjes\u00eb e Bashkis\u00eb Dib\u00ebr. Ajo mbulon 20 fshatra dhe mbi 4400 banor\u00eb. N\u00eb k\u00ebt\u00eb qend\u00ebr sh\u00ebndet\u00ebsore jan\u00eb t\u00eb pun\u00ebsuar 29 infermier\u00eb dhe 3 mjek\u00eb.<\/span><\/li>\n<li style=\"text-align: justify;\"><span style=\"color: #000000;\">Qendra sh\u00ebndet\u00ebsore e Kastriotit \u00ebsht\u00eb\u00a0pjes\u00eb e\u00a0Bashkis\u00eb Dib\u00ebr. Mbulon 10 fshatra dhe mbi 10000 banor\u00eb. N\u00eb k\u00ebt\u00eb qend\u00ebr sh\u00ebndet\u00ebsore jan\u00eb t\u00eb pun\u00ebsuar 20 infermier\u00eb dhe 2 mjek\u00eb.<\/span><\/li>\n<li style=\"text-align: justify;\"><span style=\"color: #000000;\">Qendra sh\u00ebndet\u00ebsore e Shupenz\u00ebs \u00ebsht\u00eb brenda Bashkis\u00eb s\u00eb Bulqiz\u00ebs. Mbulon 10 fshatra dhe mbi 6000 banor\u00eb. N\u00eb k\u00ebt\u00eb qend\u00ebr sh\u00ebndet\u00ebsore jan\u00eb t\u00eb pun\u00ebsuar 15 infermier\u00eb dhe 2 mjek\u00eb<\/span><\/li>\n<\/ol>\n<p>[\/et_pb_text][\/et_pb_column][\/et_pb_row][\/et_pb_section]<\/p>\n","protected":false},"excerpt":{"rendered":"<p>Ambasadorja Gjermane Susanne Sch\u00fctz s\u00eb bashku me kryetarin e Bashkis\u00eb s\u00eb Bulqiz\u00ebs, z. Melaim Damzi, vizituan qendr\u00ebn mjek\u00ebsore n\u00eb Shupenz\u00eb. Kjo \u00ebsht\u00eb nj\u00eb nga projektet p\u00ebr pajisjen e qendrave mjek\u00ebsore [&hellip;]<\/p>\n","protected":false},"author":1,"featured_media":30858,"comment_status":"closed","ping_status":"closed","sticky":false,"template":"","format":"standard","meta":{"_et_pb_use_builder":"on","_et_pb_old_content":"","_et_gb_content_width":"","footnotes":"","_links_to":"","_links_to_target":""},"categories":[61],"tags":[96],"class_list":["post-30853","post","type-post","status-publish","format-standard","has-post-thumbnail","hentry","category-video-shendet","tag-investime"],"yoast_head":"<!-- This site is optimized with the Yoast SEO plugin v28.3 - https:\/\/yoast.com\/product\/yoast-seo-wordpress\/ -->\n<title>Investimi n\u00eb Qendrat Sh\u00ebndet\u00ebsore t\u00eb Shupenz\u00ebs, Maqellar\u00ebs dhe Kastriotit - TogetherForLife<\/title>\n<meta name=\"robots\" content=\"index, follow, max-snippet:-1, max-image-preview:large, max-video-preview:-1\" \/>\n<link rel=\"canonical\" href=\"https:\/\/www.togetherforlife.org.al\/en\/investimi-ne-qendrat-shendetesore-te-shupenzes-maqellares-dhe-kastriotit\/\" \/>\n<meta property=\"og:locale\" content=\"en_GB\" \/>\n<meta property=\"og:type\" content=\"article\" \/>\n<meta property=\"og:title\" content=\"Investimi n\u00eb Qendrat Sh\u00ebndet\u00ebsore t\u00eb Shupenz\u00ebs, Maqellar\u00ebs dhe Kastriotit - TogetherForLife\" \/>\n<meta property=\"og:description\" content=\"Ambasadorja Gjermane Susanne Sch\u00fctz s\u00eb bashku me kryetarin e Bashkis\u00eb s\u00eb Bulqiz\u00ebs, z. Melaim Damzi, vizituan qendr\u00ebn mjek\u00ebsore n\u00eb Shupenz\u00eb. Kjo \u00ebsht\u00eb nj\u00eb nga projektet p\u00ebr pajisjen e qendrave mjek\u00ebsore [&hellip;]\" \/>\n<meta property=\"og:url\" content=\"https:\/\/www.togetherforlife.org.al\/en\/investimi-ne-qendrat-shendetesore-te-shupenzes-maqellares-dhe-kastriotit\/\" \/>\n<meta property=\"og:site_name\" content=\"TogetherForLife\" \/>\n<meta property=\"article:published_time\" content=\"2017-05-11T14:16:00+00:00\" \/>\n<meta property=\"article:modified_time\" content=\"2021-10-04T10:42:52+00:00\" \/>\n<meta property=\"og:image\" content=\"https:\/\/www.togetherforlife.org.al\/wp-content\/uploads\/2021\/05\/qender-shendetesore.jpg\" \/>\n\t<meta property=\"og:image:width\" content=\"867\" \/>\n\t<meta property=\"og:image:height\" content=\"711\" \/>\n\t<meta property=\"og:image:type\" content=\"image\/jpeg\" \/>\n<meta name=\"author\" content=\"admini\" \/>\n<meta name=\"twitter:card\" content=\"summary_large_image\" \/>\n<meta name=\"twitter:label1\" content=\"Written by\" \/>\n\t<meta name=\"twitter:data1\" content=\"admini\" \/>\n\t<meta name=\"twitter:label2\" content=\"Estimated reading time\" \/>\n\t<meta name=\"twitter:data2\" content=\"2 minutes\" \/>\n<script type=\"application\/ld+json\" class=\"yoast-schema-graph\">{\"@context\":\"https:\\\/\\\/schema.org\",\"@graph\":[{\"@type\":\"Article\",\"@id\":\"https:\\\/\\\/www.togetherforlife.org.al\\\/en\\\/investimi-ne-qendrat-shendetesore-te-shupenzes-maqellares-dhe-kastriotit\\\/#article\",\"isPartOf\":{\"@id\":\"https:\\\/\\\/www.togetherforlife.org.al\\\/en\\\/investimi-ne-qendrat-shendetesore-te-shupenzes-maqellares-dhe-kastriotit\\\/\"},\"author\":{\"name\":\"admini\",\"@id\":\"https:\\\/\\\/www.togetherforlife.org.al\\\/#\\\/schema\\\/person\\\/4befe38841bd18a617fe0c5501d0c6f6\"},\"headline\":\"Investimi n\u00eb Qendrat Sh\u00ebndet\u00ebsore t\u00eb Shupenz\u00ebs, Maqellar\u00ebs dhe Kastriotit\",\"datePublished\":\"2017-05-11T14:16:00+00:00\",\"dateModified\":\"2021-10-04T10:42:52+00:00\",\"mainEntityOfPage\":{\"@id\":\"https:\\\/\\\/www.togetherforlife.org.al\\\/en\\\/investimi-ne-qendrat-shendetesore-te-shupenzes-maqellares-dhe-kastriotit\\\/\"},\"wordCount\":335,\"image\":{\"@id\":\"https:\\\/\\\/www.togetherforlife.org.al\\\/en\\\/investimi-ne-qendrat-shendetesore-te-shupenzes-maqellares-dhe-kastriotit\\\/#primaryimage\"},\"thumbnailUrl\":\"https:\\\/\\\/www.togetherforlife.org.al\\\/wp-content\\\/uploads\\\/2021\\\/05\\\/qender-shendetesore.jpg\",\"keywords\":[\"investime\"],\"articleSection\":[\"Sh\u00ebndet\"],\"inLanguage\":\"en-GB\"},{\"@type\":\"WebPage\",\"@id\":\"https:\\\/\\\/www.togetherforlife.org.al\\\/en\\\/investimi-ne-qendrat-shendetesore-te-shupenzes-maqellares-dhe-kastriotit\\\/\",\"url\":\"https:\\\/\\\/www.togetherforlife.org.al\\\/en\\\/investimi-ne-qendrat-shendetesore-te-shupenzes-maqellares-dhe-kastriotit\\\/\",\"name\":\"Investimi n\u00eb Qendrat Sh\u00ebndet\u00ebsore t\u00eb Shupenz\u00ebs, Maqellar\u00ebs dhe Kastriotit - TogetherForLife\",\"isPartOf\":{\"@id\":\"https:\\\/\\\/www.togetherforlife.org.al\\\/#website\"},\"primaryImageOfPage\":{\"@id\":\"https:\\\/\\\/www.togetherforlife.org.al\\\/en\\\/investimi-ne-qendrat-shendetesore-te-shupenzes-maqellares-dhe-kastriotit\\\/#primaryimage\"},\"image\":{\"@id\":\"https:\\\/\\\/www.togetherforlife.org.al\\\/en\\\/investimi-ne-qendrat-shendetesore-te-shupenzes-maqellares-dhe-kastriotit\\\/#primaryimage\"},\"thumbnailUrl\":\"https:\\\/\\\/www.togetherforlife.org.al\\\/wp-content\\\/uploads\\\/2021\\\/05\\\/qender-shendetesore.jpg\",\"datePublished\":\"2017-05-11T14:16:00+00:00\",\"dateModified\":\"2021-10-04T10:42:52+00:00\",\"author\":{\"@id\":\"https:\\\/\\\/www.togetherforlife.org.al\\\/#\\\/schema\\\/person\\\/4befe38841bd18a617fe0c5501d0c6f6\"},\"breadcrumb\":{\"@id\":\"https:\\\/\\\/www.togetherforlife.org.al\\\/en\\\/investimi-ne-qendrat-shendetesore-te-shupenzes-maqellares-dhe-kastriotit\\\/#breadcrumb\"},\"inLanguage\":\"en-GB\",\"potentialAction\":[{\"@type\":\"ReadAction\",\"target\":[\"https:\\\/\\\/www.togetherforlife.org.al\\\/en\\\/investimi-ne-qendrat-shendetesore-te-shupenzes-maqellares-dhe-kastriotit\\\/\"]}]},{\"@type\":\"ImageObject\",\"inLanguage\":\"en-GB\",\"@id\":\"https:\\\/\\\/www.togetherforlife.org.al\\\/en\\\/investimi-ne-qendrat-shendetesore-te-shupenzes-maqellares-dhe-kastriotit\\\/#primaryimage\",\"url\":\"https:\\\/\\\/www.togetherforlife.org.al\\\/wp-content\\\/uploads\\\/2021\\\/05\\\/qender-shendetesore.jpg\",\"contentUrl\":\"https:\\\/\\\/www.togetherforlife.org.al\\\/wp-content\\\/uploads\\\/2021\\\/05\\\/qender-shendetesore.jpg\",\"width\":867,\"height\":711},{\"@type\":\"BreadcrumbList\",\"@id\":\"https:\\\/\\\/www.togetherforlife.org.al\\\/en\\\/investimi-ne-qendrat-shendetesore-te-shupenzes-maqellares-dhe-kastriotit\\\/#breadcrumb\",\"itemListElement\":[{\"@type\":\"ListItem\",\"position\":1,\"name\":\"Home\",\"item\":\"https:\\\/\\\/www.togetherforlife.org.al\\\/\"},{\"@type\":\"ListItem\",\"position\":2,\"name\":\"Investimi n\u00eb Qendrat Sh\u00ebndet\u00ebsore t\u00eb Shupenz\u00ebs, Maqellar\u00ebs dhe Kastriotit\"}]},{\"@type\":\"WebSite\",\"@id\":\"https:\\\/\\\/www.togetherforlife.org.al\\\/#website\",\"url\":\"https:\\\/\\\/www.togetherforlife.org.al\\\/\",\"name\":\"TogetherForLife\",\"description\":\"\",\"potentialAction\":[{\"@type\":\"SearchAction\",\"target\":{\"@type\":\"EntryPoint\",\"urlTemplate\":\"https:\\\/\\\/www.togetherforlife.org.al\\\/?s={search_term_string}\"},\"query-input\":{\"@type\":\"PropertyValueSpecification\",\"valueRequired\":true,\"valueName\":\"search_term_string\"}}],\"inLanguage\":\"en-GB\"},{\"@type\":\"Person\",\"@id\":\"https:\\\/\\\/www.togetherforlife.org.al\\\/#\\\/schema\\\/person\\\/4befe38841bd18a617fe0c5501d0c6f6\",\"name\":\"admini\",\"image\":{\"@type\":\"ImageObject\",\"inLanguage\":\"en-GB\",\"@id\":\"https:\\\/\\\/secure.gravatar.com\\\/avatar\\\/3d6d0d4a4ea9ccceef92063c1027c0b4ea3c4941fba38a6e603a4db8dedb1e9f?s=96&d=mm&r=g\",\"url\":\"https:\\\/\\\/secure.gravatar.com\\\/avatar\\\/3d6d0d4a4ea9ccceef92063c1027c0b4ea3c4941fba38a6e603a4db8dedb1e9f?s=96&d=mm&r=g\",\"contentUrl\":\"https:\\\/\\\/secure.gravatar.com\\\/avatar\\\/3d6d0d4a4ea9ccceef92063c1027c0b4ea3c4941fba38a6e603a4db8dedb1e9f?s=96&d=mm&r=g\",\"caption\":\"admini\"},\"sameAs\":[\"http:\\\/\\\/new.togetherforlife.org.al\"],\"url\":\"https:\\\/\\\/www.togetherforlife.org.al\\\/en\\\/author\\\/admini\\\/\"}]}<\/script>\n<!-- \/ Yoast SEO plugin. -->","yoast_head_json":{"title":"Investimi n\u00eb Qendrat Sh\u00ebndet\u00ebsore t\u00eb Shupenz\u00ebs, Maqellar\u00ebs dhe Kastriotit - TogetherForLife","robots":{"index":"index","follow":"follow","max-snippet":"max-snippet:-1","max-image-preview":"max-image-preview:large","max-video-preview":"max-video-preview:-1"},"canonical":"https:\/\/www.togetherforlife.org.al\/en\/investimi-ne-qendrat-shendetesore-te-shupenzes-maqellares-dhe-kastriotit\/","og_locale":"en_GB","og_type":"article","og_title":"Investimi n\u00eb Qendrat Sh\u00ebndet\u00ebsore t\u00eb Shupenz\u00ebs, Maqellar\u00ebs dhe Kastriotit - TogetherForLife","og_description":"Ambasadorja Gjermane Susanne Sch\u00fctz s\u00eb bashku me kryetarin e Bashkis\u00eb s\u00eb Bulqiz\u00ebs, z. Melaim Damzi, vizituan qendr\u00ebn mjek\u00ebsore n\u00eb Shupenz\u00eb. Kjo \u00ebsht\u00eb nj\u00eb nga projektet p\u00ebr pajisjen e qendrave mjek\u00ebsore [&hellip;]","og_url":"https:\/\/www.togetherforlife.org.al\/en\/investimi-ne-qendrat-shendetesore-te-shupenzes-maqellares-dhe-kastriotit\/","og_site_name":"TogetherForLife","article_published_time":"2017-05-11T14:16:00+00:00","article_modified_time":"2021-10-04T10:42:52+00:00","og_image":[{"width":867,"height":711,"url":"https:\/\/www.togetherforlife.org.al\/wp-content\/uploads\/2021\/05\/qender-shendetesore.jpg","type":"image\/jpeg"}],"author":"admini","twitter_card":"summary_large_image","twitter_misc":{"Written by":"admini","Estimated reading time":"2 minutes"},"schema":{"@context":"https:\/\/schema.org","@graph":[{"@type":"Article","@id":"https:\/\/www.togetherforlife.org.al\/en\/investimi-ne-qendrat-shendetesore-te-shupenzes-maqellares-dhe-kastriotit\/#article","isPartOf":{"@id":"https:\/\/www.togetherforlife.org.al\/en\/investimi-ne-qendrat-shendetesore-te-shupenzes-maqellares-dhe-kastriotit\/"},"author":{"name":"admini","@id":"https:\/\/www.togetherforlife.org.al\/#\/schema\/person\/4befe38841bd18a617fe0c5501d0c6f6"},"headline":"Investimi n\u00eb Qendrat Sh\u00ebndet\u00ebsore t\u00eb Shupenz\u00ebs, Maqellar\u00ebs dhe Kastriotit","datePublished":"2017-05-11T14:16:00+00:00","dateModified":"2021-10-04T10:42:52+00:00","mainEntityOfPage":{"@id":"https:\/\/www.togetherforlife.org.al\/en\/investimi-ne-qendrat-shendetesore-te-shupenzes-maqellares-dhe-kastriotit\/"},"wordCount":335,"image":{"@id":"https:\/\/www.togetherforlife.org.al\/en\/investimi-ne-qendrat-shendetesore-te-shupenzes-maqellares-dhe-kastriotit\/#primaryimage"},"thumbnailUrl":"https:\/\/www.togetherforlife.org.al\/wp-content\/uploads\/2021\/05\/qender-shendetesore.jpg","keywords":["investime"],"articleSection":["Sh\u00ebndet"],"inLanguage":"en-GB"},{"@type":"WebPage","@id":"https:\/\/www.togetherforlife.org.al\/en\/investimi-ne-qendrat-shendetesore-te-shupenzes-maqellares-dhe-kastriotit\/","url":"https:\/\/www.togetherforlife.org.al\/en\/investimi-ne-qendrat-shendetesore-te-shupenzes-maqellares-dhe-kastriotit\/","name":"Investimi n\u00eb Qendrat Sh\u00ebndet\u00ebsore t\u00eb Shupenz\u00ebs, Maqellar\u00ebs dhe Kastriotit - TogetherForLife","isPartOf":{"@id":"https:\/\/www.togetherforlife.org.al\/#website"},"primaryImageOfPage":{"@id":"https:\/\/www.togetherforlife.org.al\/en\/investimi-ne-qendrat-shendetesore-te-shupenzes-maqellares-dhe-kastriotit\/#primaryimage"},"image":{"@id":"https:\/\/www.togetherforlife.org.al\/en\/investimi-ne-qendrat-shendetesore-te-shupenzes-maqellares-dhe-kastriotit\/#primaryimage"},"thumbnailUrl":"https:\/\/www.togetherforlife.org.al\/wp-content\/uploads\/2021\/05\/qender-shendetesore.jpg","datePublished":"2017-05-11T14:16:00+00:00","dateModified":"2021-10-04T10:42:52+00:00","author":{"@id":"https:\/\/www.togetherforlife.org.al\/#\/schema\/person\/4befe38841bd18a617fe0c5501d0c6f6"},"breadcrumb":{"@id":"https:\/\/www.togetherforlife.org.al\/en\/investimi-ne-qendrat-shendetesore-te-shupenzes-maqellares-dhe-kastriotit\/#breadcrumb"},"inLanguage":"en-GB","potentialAction":[{"@type":"ReadAction","target":["https:\/\/www.togetherforlife.org.al\/en\/investimi-ne-qendrat-shendetesore-te-shupenzes-maqellares-dhe-kastriotit\/"]}]},{"@type":"ImageObject","inLanguage":"en-GB","@id":"https:\/\/www.togetherforlife.org.al\/en\/investimi-ne-qendrat-shendetesore-te-shupenzes-maqellares-dhe-kastriotit\/#primaryimage","url":"https:\/\/www.togetherforlife.org.al\/wp-content\/uploads\/2021\/05\/qender-shendetesore.jpg","contentUrl":"https:\/\/www.togetherforlife.org.al\/wp-content\/uploads\/2021\/05\/qender-shendetesore.jpg","width":867,"height":711},{"@type":"BreadcrumbList","@id":"https:\/\/www.togetherforlife.org.al\/en\/investimi-ne-qendrat-shendetesore-te-shupenzes-maqellares-dhe-kastriotit\/#breadcrumb","itemListElement":[{"@type":"ListItem","position":1,"name":"Home","item":"https:\/\/www.togetherforlife.org.al\/"},{"@type":"ListItem","position":2,"name":"Investimi n\u00eb Qendrat Sh\u00ebndet\u00ebsore t\u00eb Shupenz\u00ebs, Maqellar\u00ebs dhe Kastriotit"}]},{"@type":"WebSite","@id":"https:\/\/www.togetherforlife.org.al\/#website","url":"https:\/\/www.togetherforlife.org.al\/","name":"TogetherForLife","description":"","potentialAction":[{"@type":"SearchAction","target":{"@type":"EntryPoint","urlTemplate":"https:\/\/www.togetherforlife.org.al\/?s={search_term_string}"},"query-input":{"@type":"PropertyValueSpecification","valueRequired":true,"valueName":"search_term_string"}}],"inLanguage":"en-GB"},{"@type":"Person","@id":"https:\/\/www.togetherforlife.org.al\/#\/schema\/person\/4befe38841bd18a617fe0c5501d0c6f6","name":"admini","image":{"@type":"ImageObject","inLanguage":"en-GB","@id":"https:\/\/secure.gravatar.com\/avatar\/3d6d0d4a4ea9ccceef92063c1027c0b4ea3c4941fba38a6e603a4db8dedb1e9f?s=96&d=mm&r=g","url":"https:\/\/secure.gravatar.com\/avatar\/3d6d0d4a4ea9ccceef92063c1027c0b4ea3c4941fba38a6e603a4db8dedb1e9f?s=96&d=mm&r=g","contentUrl":"https:\/\/secure.gravatar.com\/avatar\/3d6d0d4a4ea9ccceef92063c1027c0b4ea3c4941fba38a6e603a4db8dedb1e9f?s=96&d=mm&r=g","caption":"admini"},"sameAs":["http:\/\/new.togetherforlife.org.al"],"url":"https:\/\/www.togetherforlife.org.al\/en\/author\/admini\/"}]}},"_links":{"self":[{"href":"https:\/\/www.togetherforlife.org.al\/en\/wp-json\/wp\/v2\/posts\/30853","targetHints":{"allow":["GET"]}}],"collection":[{"href":"https:\/\/www.togetherforlife.org.al\/en\/wp-json\/wp\/v2\/posts"}],"about":[{"href":"https:\/\/www.togetherforlife.org.al\/en\/wp-json\/wp\/v2\/types\/post"}],"author":[{"embeddable":true,"href":"https:\/\/www.togetherforlife.org.al\/en\/wp-json\/wp\/v2\/users\/1"}],"replies":[{"embeddable":true,"href":"https:\/\/www.togetherforlife.org.al\/en\/wp-json\/wp\/v2\/comments?post=30853"}],"version-history":[{"count":3,"href":"https:\/\/www.togetherforlife.org.al\/en\/wp-json\/wp\/v2\/posts\/30853\/revisions"}],"predecessor-version":[{"id":30863,"href":"https:\/\/www.togetherforlife.org.al\/en\/wp-json\/wp\/v2\/posts\/30853\/revisions\/30863"}],"wp:featuredmedia":[{"embeddable":true,"href":"https:\/\/www.togetherforlife.org.al\/en\/wp-json\/wp\/v2\/media\/30858"}],"wp:attachment":[{"href":"https:\/\/www.togetherforlife.org.al\/en\/wp-json\/wp\/v2\/media?parent=30853"}],"wp:term":[{"taxonomy":"category","embeddable":true,"href":"https:\/\/www.togetherforlife.org.al\/en\/wp-json\/wp\/v2\/categories?post=30853"},{"taxonomy":"post_tag","embeddable":true,"href":"https:\/\/www.togetherforlife.org.al\/en\/wp-json\/wp\/v2\/tags?post=30853"}],"curies":[{"name":"wp","href":"https:\/\/api.w.org\/{rel}","templated":true}]}}