{"id":28720,"date":"2019-09-01T18:11:35","date_gmt":"2019-09-01T16:11:35","guid":{"rendered":"https:\/\/new.togetherforlife.org.al\/?p=28720"},"modified":"2021-10-04T15:40:20","modified_gmt":"2021-10-04T13:40:20","slug":"europa-respekton-te-drejtat-e-njeriut","status":"publish","type":"post","link":"https:\/\/www.togetherforlife.org.al\/en\/europa-respekton-te-drejtat-e-njeriut\/","title":{"rendered":"Europe respects human rights"},"content":{"rendered":"<p>[et_pb_section fb_built=&#8221;1&#8243; _builder_version=&#8221;4.6.6&#8243; _module_preset=&#8221;default&#8221; custom_margin=&#8221;0px||0px||true|false&#8221; custom_padding=&#8221;0px||0px||true|false&#8221;][et_pb_row _builder_version=&#8221;4.6.6&#8243; _module_preset=&#8221;default&#8221; custom_margin=&#8221;0px||0px||true|false&#8221; custom_padding=&#8221;0px||0px||true|false&#8221;][et_pb_column type=&#8221;4_4&#8243; _builder_version=&#8221;4.6.6&#8243; _module_preset=&#8221;default&#8221;][et_pb_text _builder_version=&#8221;4.6.6&#8243; _module_preset=&#8221;default&#8221; custom_margin=&#8221;0px||0px||true|false&#8221; custom_padding=&#8221;10px||0px||false|false&#8221;]<\/p>\n<p style=\"text-align: justify;\"><strong>Titulli i projektit<\/strong>: Europa respekton t\u00eb drejtat e njeriut<\/p>\n<p style=\"text-align: justify;\"><strong>Donator:<\/strong> Delegacioni i Bashkimit Evropian n\u00eb Shqip\u00ebri<\/p>\n<p style=\"text-align: justify;\"><strong>Periudha e zbatimit<\/strong>: 26 shtator 2019 \u2013 26 janar 2021<\/p>\n<p style=\"text-align: justify;\"><strong>Zona e zbatimit: <\/strong>Tiran\u00eb, Shkod\u00ebr, Elbasan<\/p>\n<p style=\"text-align: justify;\"><strong>P\u00ebrfituesit:<\/strong> Institucionet Komb\u00ebtare t\u00eb t\u00eb Drejtave t\u00eb Njeriut &#8211; Avokati i Popullit, KMD, KDIMDhP, Media, ve\u00e7an\u00ebrisht gazetar\u00ebt e rinj, Organizatat Lokale<\/p>\n<p style=\"text-align: justify;\"><strong>P\u00ebrmbledhje e projektit:<\/strong><\/p>\n<p style=\"text-align: justify;\">T\u00eb gjitha aktivitetet e projektit (dy studime studimore, takimet, trajnimet me p\u00ebrfaq\u00ebsues t\u00eb institucioneve t\u00eb pavarura t\u00eb t\u00eb drejtave t\u00eb njeriut dhe gazetar\u00eb t\u00eb rinj, dy konferenca) kishin p\u00ebr q\u00ebllim forcimin e rolit t\u00eb institucioneve t\u00eb pavarura si mbrojt\u00ebs t\u00eb t\u00eb drejtave t\u00eb njeriut, p\u00ebr nd\u00ebrtimin e kapaciteteve \/ ngritjen e nd\u00ebrgjegj\u00ebsimit t\u00eb institucioneve t\u00eb pavarura n\u00eb lidhje me legjislacionin e BE-s\u00eb si dhe rritjen e nd\u00ebrgjegj\u00ebsimit t\u00eb punonj\u00ebsve t\u00eb medias &#8211; gazetar\u00ebve mbi rolin e institucioneve t\u00eb pavarura n\u00eb procesin e pranimit n\u00eb BE.<br \/>5 takimet e hapura konsultative t\u00eb zhvilluara me p\u00ebrfaq\u00ebsues t\u00eb institucioneve t\u00eb pavarura, organizatat vendore t\u00eb shoq\u00ebris\u00eb civile, gazetar\u00ebt, student\u00ebt dhe qytetar\u00ebt n\u00eb lidhje me procesin e pranimit n\u00eb BE, u fokusuan n\u00eb sensibilizimin e grupeve t\u00eb synuara dhe pal\u00ebt e interesit p\u00ebr rolin e institucioneve t\u00eb t\u00eb drejtave t\u00eb njeriut n\u00eb procesin e integrimit evropian te vendit.<br \/>Projekti u fokusua n\u00eb rritjen e informimit dhe nd\u00ebrgjegj\u00ebsimit t\u00eb gazetar\u00ebve p\u00ebr rolin e institucioneve t\u00eb pavarura t\u00eb t\u00eb drejtave t\u00eb njeriut dhe n\u00eb rritjen e kapaciteteve te tyre p\u00ebr t\u00eb kuptuar rekomandimet dhe raportet e institucioneve t\u00eb pavarura p\u00ebr \u00e7\u00ebshtje t\u00eb caktuara. Projekti u p\u00ebrqendrua n\u00eb rritjen e kapaciteteve t\u00eb punonj\u00ebsve t\u00eb medias p\u00ebr t\u00eb b\u00ebr\u00eb t\u00eb mundur rritjen e presionit ndaj institucioneve publike, p\u00ebr t\u00eb reaguar p\u00ebr rekomandimet dhe vendimet e institucioneve t\u00eb pavarura.<\/p>\n<p style=\"text-align: justify;\"><strong>Objektivat:<\/strong><\/p>\n<p style=\"margin: 0cm 0cm 0.0001pt; background: white; text-align: justify;\"><span lang=\"SQ\" style=\"font-family: Poppins;\">Projekti synonte forcimin e rolit t\u00eb Institucioneve Komb\u00ebtare t\u00eb t\u00eb Drejtave t\u00eb Njeriut (IKDNj) n\u00eb mbrojtje t\u00eb t\u00eb drejtave t\u00eb njeriut, n\u00ebp\u00ebrmjet rritjes s\u00eb informacionit, nd\u00ebrgjegj\u00ebsimit dhe kapaciteteve t\u00eb tyre n\u00eb lidhje me legjislacionin e BE-s\u00eb, si dhe rritjen e nd\u00ebrgjegj\u00ebsimit t\u00eb medias p\u00ebr rolin e institucioneve t\u00eb pavarura n\u00eb procesin e pranimit n\u00eb BE.<\/span><\/p>\n<p style=\"text-align: justify;\">[\/et_pb_text][\/et_pb_column][\/et_pb_row][\/et_pb_section]<\/p>\n","protected":false},"excerpt":{"rendered":"<p>Titulli i projektit: Europa respekton t\u00eb drejtat e njeriut Donator: Delegacioni i Bashkimit Evropian n\u00eb Shqip\u00ebri Periudha e zbatimit: 26 shtator 2019 \u2013 26 janar 2021 Zona e zbatimit: Tiran\u00eb, [&hellip;]<\/p>\n","protected":false},"author":1,"featured_media":28726,"comment_status":"closed","ping_status":"closed","sticky":false,"template":"","format":"standard","meta":{"_et_pb_use_builder":"on","_et_pb_old_content":"","_et_gb_content_width":"","footnotes":"","_links_to":"","_links_to_target":""},"categories":[58,46],"tags":[],"class_list":["post-28720","post","type-post","status-publish","format-standard","has-post-thumbnail","hentry","category-nderkombetare","category-projekte-te-drejtat-e-njeriut-dhe-transparenca"],"yoast_head":"<!-- This site is optimized with the Yoast SEO plugin v28.3 - https:\/\/yoast.com\/product\/yoast-seo-wordpress\/ -->\n<title>Europa respekton t\u00eb drejtat e njeriut - TogetherForLife<\/title>\n<meta name=\"robots\" content=\"index, follow, max-snippet:-1, max-image-preview:large, max-video-preview:-1\" \/>\n<link rel=\"canonical\" href=\"https:\/\/www.togetherforlife.org.al\/en\/europa-respekton-te-drejtat-e-njeriut\/\" \/>\n<meta property=\"og:locale\" content=\"en_GB\" \/>\n<meta property=\"og:type\" content=\"article\" \/>\n<meta property=\"og:title\" content=\"Europa respekton t\u00eb drejtat e njeriut - TogetherForLife\" \/>\n<meta property=\"og:description\" content=\"Titulli i projektit: Europa respekton t\u00eb drejtat e njeriut Donator: Delegacioni i Bashkimit Evropian n\u00eb Shqip\u00ebri Periudha e zbatimit: 26 shtator 2019 \u2013 26 janar 2021 Zona e zbatimit: Tiran\u00eb, [&hellip;]\" \/>\n<meta property=\"og:url\" content=\"https:\/\/www.togetherforlife.org.al\/en\/europa-respekton-te-drejtat-e-njeriut\/\" \/>\n<meta property=\"og:site_name\" content=\"TogetherForLife\" \/>\n<meta property=\"article:published_time\" content=\"2019-09-01T16:11:35+00:00\" \/>\n<meta property=\"article:modified_time\" content=\"2021-10-04T13:40:20+00:00\" \/>\n<meta property=\"og:image\" content=\"https:\/\/www.togetherforlife.org.al\/wp-content\/uploads\/2021\/03\/Europa_respekton-.jpg\" \/>\n\t<meta property=\"og:image:width\" content=\"1200\" \/>\n\t<meta property=\"og:image:height\" content=\"798\" \/>\n\t<meta property=\"og:image:type\" content=\"image\/jpeg\" \/>\n<meta name=\"author\" content=\"admini\" \/>\n<meta name=\"twitter:card\" content=\"summary_large_image\" \/>\n<meta name=\"twitter:label1\" content=\"Written by\" \/>\n\t<meta name=\"twitter:data1\" content=\"admini\" \/>\n\t<meta name=\"twitter:label2\" content=\"Estimated reading time\" \/>\n\t<meta name=\"twitter:data2\" content=\"2 minutes\" \/>\n<script type=\"application\/ld+json\" class=\"yoast-schema-graph\">{\"@context\":\"https:\\\/\\\/schema.org\",\"@graph\":[{\"@type\":\"Article\",\"@id\":\"https:\\\/\\\/www.togetherforlife.org.al\\\/en\\\/europa-respekton-te-drejtat-e-njeriut\\\/#article\",\"isPartOf\":{\"@id\":\"https:\\\/\\\/www.togetherforlife.org.al\\\/en\\\/europa-respekton-te-drejtat-e-njeriut\\\/\"},\"author\":{\"name\":\"admini\",\"@id\":\"https:\\\/\\\/www.togetherforlife.org.al\\\/#\\\/schema\\\/person\\\/4befe38841bd18a617fe0c5501d0c6f6\"},\"headline\":\"Europa respekton t\u00eb drejtat e njeriut\",\"datePublished\":\"2019-09-01T16:11:35+00:00\",\"dateModified\":\"2021-10-04T13:40:20+00:00\",\"mainEntityOfPage\":{\"@id\":\"https:\\\/\\\/www.togetherforlife.org.al\\\/en\\\/europa-respekton-te-drejtat-e-njeriut\\\/\"},\"wordCount\":462,\"image\":{\"@id\":\"https:\\\/\\\/www.togetherforlife.org.al\\\/en\\\/europa-respekton-te-drejtat-e-njeriut\\\/#primaryimage\"},\"thumbnailUrl\":\"https:\\\/\\\/www.togetherforlife.org.al\\\/wp-content\\\/uploads\\\/2021\\\/03\\\/Europa_respekton-.jpg\",\"articleSection\":[\"Nd\u00ebrkomb\u00ebtare\",\"Projekte-Te drejtat e njeriut dhe transparenca\"],\"inLanguage\":\"en-GB\"},{\"@type\":\"WebPage\",\"@id\":\"https:\\\/\\\/www.togetherforlife.org.al\\\/en\\\/europa-respekton-te-drejtat-e-njeriut\\\/\",\"url\":\"https:\\\/\\\/www.togetherforlife.org.al\\\/en\\\/europa-respekton-te-drejtat-e-njeriut\\\/\",\"name\":\"Europa respekton t\u00eb drejtat e njeriut - TogetherForLife\",\"isPartOf\":{\"@id\":\"https:\\\/\\\/www.togetherforlife.org.al\\\/#website\"},\"primaryImageOfPage\":{\"@id\":\"https:\\\/\\\/www.togetherforlife.org.al\\\/en\\\/europa-respekton-te-drejtat-e-njeriut\\\/#primaryimage\"},\"image\":{\"@id\":\"https:\\\/\\\/www.togetherforlife.org.al\\\/en\\\/europa-respekton-te-drejtat-e-njeriut\\\/#primaryimage\"},\"thumbnailUrl\":\"https:\\\/\\\/www.togetherforlife.org.al\\\/wp-content\\\/uploads\\\/2021\\\/03\\\/Europa_respekton-.jpg\",\"datePublished\":\"2019-09-01T16:11:35+00:00\",\"dateModified\":\"2021-10-04T13:40:20+00:00\",\"author\":{\"@id\":\"https:\\\/\\\/www.togetherforlife.org.al\\\/#\\\/schema\\\/person\\\/4befe38841bd18a617fe0c5501d0c6f6\"},\"breadcrumb\":{\"@id\":\"https:\\\/\\\/www.togetherforlife.org.al\\\/en\\\/europa-respekton-te-drejtat-e-njeriut\\\/#breadcrumb\"},\"inLanguage\":\"en-GB\",\"potentialAction\":[{\"@type\":\"ReadAction\",\"target\":[\"https:\\\/\\\/www.togetherforlife.org.al\\\/en\\\/europa-respekton-te-drejtat-e-njeriut\\\/\"]}]},{\"@type\":\"ImageObject\",\"inLanguage\":\"en-GB\",\"@id\":\"https:\\\/\\\/www.togetherforlife.org.al\\\/en\\\/europa-respekton-te-drejtat-e-njeriut\\\/#primaryimage\",\"url\":\"https:\\\/\\\/www.togetherforlife.org.al\\\/wp-content\\\/uploads\\\/2021\\\/03\\\/Europa_respekton-.jpg\",\"contentUrl\":\"https:\\\/\\\/www.togetherforlife.org.al\\\/wp-content\\\/uploads\\\/2021\\\/03\\\/Europa_respekton-.jpg\",\"width\":1200,\"height\":798},{\"@type\":\"BreadcrumbList\",\"@id\":\"https:\\\/\\\/www.togetherforlife.org.al\\\/en\\\/europa-respekton-te-drejtat-e-njeriut\\\/#breadcrumb\",\"itemListElement\":[{\"@type\":\"ListItem\",\"position\":1,\"name\":\"Home\",\"item\":\"https:\\\/\\\/www.togetherforlife.org.al\\\/\"},{\"@type\":\"ListItem\",\"position\":2,\"name\":\"Europa respekton t\u00eb drejtat e njeriut\"}]},{\"@type\":\"WebSite\",\"@id\":\"https:\\\/\\\/www.togetherforlife.org.al\\\/#website\",\"url\":\"https:\\\/\\\/www.togetherforlife.org.al\\\/\",\"name\":\"TogetherForLife\",\"description\":\"\",\"potentialAction\":[{\"@type\":\"SearchAction\",\"target\":{\"@type\":\"EntryPoint\",\"urlTemplate\":\"https:\\\/\\\/www.togetherforlife.org.al\\\/?s={search_term_string}\"},\"query-input\":{\"@type\":\"PropertyValueSpecification\",\"valueRequired\":true,\"valueName\":\"search_term_string\"}}],\"inLanguage\":\"en-GB\"},{\"@type\":\"Person\",\"@id\":\"https:\\\/\\\/www.togetherforlife.org.al\\\/#\\\/schema\\\/person\\\/4befe38841bd18a617fe0c5501d0c6f6\",\"name\":\"admini\",\"image\":{\"@type\":\"ImageObject\",\"inLanguage\":\"en-GB\",\"@id\":\"https:\\\/\\\/secure.gravatar.com\\\/avatar\\\/3d6d0d4a4ea9ccceef92063c1027c0b4ea3c4941fba38a6e603a4db8dedb1e9f?s=96&d=mm&r=g\",\"url\":\"https:\\\/\\\/secure.gravatar.com\\\/avatar\\\/3d6d0d4a4ea9ccceef92063c1027c0b4ea3c4941fba38a6e603a4db8dedb1e9f?s=96&d=mm&r=g\",\"contentUrl\":\"https:\\\/\\\/secure.gravatar.com\\\/avatar\\\/3d6d0d4a4ea9ccceef92063c1027c0b4ea3c4941fba38a6e603a4db8dedb1e9f?s=96&d=mm&r=g\",\"caption\":\"admini\"},\"sameAs\":[\"http:\\\/\\\/new.togetherforlife.org.al\"],\"url\":\"https:\\\/\\\/www.togetherforlife.org.al\\\/en\\\/author\\\/admini\\\/\"}]}<\/script>\n<!-- \/ Yoast SEO plugin. -->","yoast_head_json":{"title":"Europa respekton t\u00eb drejtat e njeriut - TogetherForLife","robots":{"index":"index","follow":"follow","max-snippet":"max-snippet:-1","max-image-preview":"max-image-preview:large","max-video-preview":"max-video-preview:-1"},"canonical":"https:\/\/www.togetherforlife.org.al\/en\/europa-respekton-te-drejtat-e-njeriut\/","og_locale":"en_GB","og_type":"article","og_title":"Europa respekton t\u00eb drejtat e njeriut - TogetherForLife","og_description":"Titulli i projektit: Europa respekton t\u00eb drejtat e njeriut Donator: Delegacioni i Bashkimit Evropian n\u00eb Shqip\u00ebri Periudha e zbatimit: 26 shtator 2019 \u2013 26 janar 2021 Zona e zbatimit: Tiran\u00eb, [&hellip;]","og_url":"https:\/\/www.togetherforlife.org.al\/en\/europa-respekton-te-drejtat-e-njeriut\/","og_site_name":"TogetherForLife","article_published_time":"2019-09-01T16:11:35+00:00","article_modified_time":"2021-10-04T13:40:20+00:00","og_image":[{"width":1200,"height":798,"url":"https:\/\/www.togetherforlife.org.al\/wp-content\/uploads\/2021\/03\/Europa_respekton-.jpg","type":"image\/jpeg"}],"author":"admini","twitter_card":"summary_large_image","twitter_misc":{"Written by":"admini","Estimated reading time":"2 minutes"},"schema":{"@context":"https:\/\/schema.org","@graph":[{"@type":"Article","@id":"https:\/\/www.togetherforlife.org.al\/en\/europa-respekton-te-drejtat-e-njeriut\/#article","isPartOf":{"@id":"https:\/\/www.togetherforlife.org.al\/en\/europa-respekton-te-drejtat-e-njeriut\/"},"author":{"name":"admini","@id":"https:\/\/www.togetherforlife.org.al\/#\/schema\/person\/4befe38841bd18a617fe0c5501d0c6f6"},"headline":"Europa respekton t\u00eb drejtat e njeriut","datePublished":"2019-09-01T16:11:35+00:00","dateModified":"2021-10-04T13:40:20+00:00","mainEntityOfPage":{"@id":"https:\/\/www.togetherforlife.org.al\/en\/europa-respekton-te-drejtat-e-njeriut\/"},"wordCount":462,"image":{"@id":"https:\/\/www.togetherforlife.org.al\/en\/europa-respekton-te-drejtat-e-njeriut\/#primaryimage"},"thumbnailUrl":"https:\/\/www.togetherforlife.org.al\/wp-content\/uploads\/2021\/03\/Europa_respekton-.jpg","articleSection":["Nd\u00ebrkomb\u00ebtare","Projekte-Te drejtat e njeriut dhe transparenca"],"inLanguage":"en-GB"},{"@type":"WebPage","@id":"https:\/\/www.togetherforlife.org.al\/en\/europa-respekton-te-drejtat-e-njeriut\/","url":"https:\/\/www.togetherforlife.org.al\/en\/europa-respekton-te-drejtat-e-njeriut\/","name":"Europa respekton t\u00eb drejtat e njeriut - TogetherForLife","isPartOf":{"@id":"https:\/\/www.togetherforlife.org.al\/#website"},"primaryImageOfPage":{"@id":"https:\/\/www.togetherforlife.org.al\/en\/europa-respekton-te-drejtat-e-njeriut\/#primaryimage"},"image":{"@id":"https:\/\/www.togetherforlife.org.al\/en\/europa-respekton-te-drejtat-e-njeriut\/#primaryimage"},"thumbnailUrl":"https:\/\/www.togetherforlife.org.al\/wp-content\/uploads\/2021\/03\/Europa_respekton-.jpg","datePublished":"2019-09-01T16:11:35+00:00","dateModified":"2021-10-04T13:40:20+00:00","author":{"@id":"https:\/\/www.togetherforlife.org.al\/#\/schema\/person\/4befe38841bd18a617fe0c5501d0c6f6"},"breadcrumb":{"@id":"https:\/\/www.togetherforlife.org.al\/en\/europa-respekton-te-drejtat-e-njeriut\/#breadcrumb"},"inLanguage":"en-GB","potentialAction":[{"@type":"ReadAction","target":["https:\/\/www.togetherforlife.org.al\/en\/europa-respekton-te-drejtat-e-njeriut\/"]}]},{"@type":"ImageObject","inLanguage":"en-GB","@id":"https:\/\/www.togetherforlife.org.al\/en\/europa-respekton-te-drejtat-e-njeriut\/#primaryimage","url":"https:\/\/www.togetherforlife.org.al\/wp-content\/uploads\/2021\/03\/Europa_respekton-.jpg","contentUrl":"https:\/\/www.togetherforlife.org.al\/wp-content\/uploads\/2021\/03\/Europa_respekton-.jpg","width":1200,"height":798},{"@type":"BreadcrumbList","@id":"https:\/\/www.togetherforlife.org.al\/en\/europa-respekton-te-drejtat-e-njeriut\/#breadcrumb","itemListElement":[{"@type":"ListItem","position":1,"name":"Home","item":"https:\/\/www.togetherforlife.org.al\/"},{"@type":"ListItem","position":2,"name":"Europa respekton t\u00eb drejtat e njeriut"}]},{"@type":"WebSite","@id":"https:\/\/www.togetherforlife.org.al\/#website","url":"https:\/\/www.togetherforlife.org.al\/","name":"TogetherForLife","description":"","potentialAction":[{"@type":"SearchAction","target":{"@type":"EntryPoint","urlTemplate":"https:\/\/www.togetherforlife.org.al\/?s={search_term_string}"},"query-input":{"@type":"PropertyValueSpecification","valueRequired":true,"valueName":"search_term_string"}}],"inLanguage":"en-GB"},{"@type":"Person","@id":"https:\/\/www.togetherforlife.org.al\/#\/schema\/person\/4befe38841bd18a617fe0c5501d0c6f6","name":"admini","image":{"@type":"ImageObject","inLanguage":"en-GB","@id":"https:\/\/secure.gravatar.com\/avatar\/3d6d0d4a4ea9ccceef92063c1027c0b4ea3c4941fba38a6e603a4db8dedb1e9f?s=96&d=mm&r=g","url":"https:\/\/secure.gravatar.com\/avatar\/3d6d0d4a4ea9ccceef92063c1027c0b4ea3c4941fba38a6e603a4db8dedb1e9f?s=96&d=mm&r=g","contentUrl":"https:\/\/secure.gravatar.com\/avatar\/3d6d0d4a4ea9ccceef92063c1027c0b4ea3c4941fba38a6e603a4db8dedb1e9f?s=96&d=mm&r=g","caption":"admini"},"sameAs":["http:\/\/new.togetherforlife.org.al"],"url":"https:\/\/www.togetherforlife.org.al\/en\/author\/admini\/"}]}},"_links":{"self":[{"href":"https:\/\/www.togetherforlife.org.al\/en\/wp-json\/wp\/v2\/posts\/28720","targetHints":{"allow":["GET"]}}],"collection":[{"href":"https:\/\/www.togetherforlife.org.al\/en\/wp-json\/wp\/v2\/posts"}],"about":[{"href":"https:\/\/www.togetherforlife.org.al\/en\/wp-json\/wp\/v2\/types\/post"}],"author":[{"embeddable":true,"href":"https:\/\/www.togetherforlife.org.al\/en\/wp-json\/wp\/v2\/users\/1"}],"replies":[{"embeddable":true,"href":"https:\/\/www.togetherforlife.org.al\/en\/wp-json\/wp\/v2\/comments?post=28720"}],"version-history":[{"count":6,"href":"https:\/\/www.togetherforlife.org.al\/en\/wp-json\/wp\/v2\/posts\/28720\/revisions"}],"predecessor-version":[{"id":30970,"href":"https:\/\/www.togetherforlife.org.al\/en\/wp-json\/wp\/v2\/posts\/28720\/revisions\/30970"}],"wp:featuredmedia":[{"embeddable":true,"href":"https:\/\/www.togetherforlife.org.al\/en\/wp-json\/wp\/v2\/media\/28726"}],"wp:attachment":[{"href":"https:\/\/www.togetherforlife.org.al\/en\/wp-json\/wp\/v2\/media?parent=28720"}],"wp:term":[{"taxonomy":"category","embeddable":true,"href":"https:\/\/www.togetherforlife.org.al\/en\/wp-json\/wp\/v2\/categories?post=28720"},{"taxonomy":"post_tag","embeddable":true,"href":"https:\/\/www.togetherforlife.org.al\/en\/wp-json\/wp\/v2\/tags?post=28720"}],"curies":[{"name":"wp","href":"https:\/\/api.w.org\/{rel}","templated":true}]}}